{"id":23,"name":"Carlos Serra","url":"","description":"<!--:es-->Un ciclista apasionado que lleva m\u00e1s de 20 a\u00f1os sobre las dos ruedas. Originalmente un mountainbiker, pero que ahora disfruta de todas las disciplinas. Estuvo muy activo durante la \u00e9poca competitiva del pi\u00f1\u00f3n fijo y fu\u00e9 cofundador de una marca de bicis alemana.<!--:-->\r\n<!--:en-->A passionate cyclist that has now spent more than 20 years riding on two wheels. He is originally a mountainbike rider, however enjoys cycling in every discipline. He was active an part of the fixed-gear racing scene and co-founder of german bike brand .<!--:-->","link":"https:\/\/rawcyclingmag.com\/es\/author\/carlos\/","slug":"carlos","avatar_urls":{"24":"https:\/\/secure.gravatar.com\/avatar\/a5293bb3295acc9ac9599a7227c7d7acae2f52a9ac897fdf95a9a8a601d4087d?s=24&d=mm&r=g","48":"https:\/\/secure.gravatar.com\/avatar\/a5293bb3295acc9ac9599a7227c7d7acae2f52a9ac897fdf95a9a8a601d4087d?s=48&d=mm&r=g","96":"https:\/\/secure.gravatar.com\/avatar\/a5293bb3295acc9ac9599a7227c7d7acae2f52a9ac897fdf95a9a8a601d4087d?s=96&d=mm&r=g"},"meta":[],"yoast_head":"<!-- This site is optimized with the Yoast SEO Premium plugin v27.0 (Yoast SEO v27.0) - https:\/\/yoast.com\/product\/yoast-seo-premium-wordpress\/ -->\n<title>Carlos Serra, autor en RAW Cycling Magazine<\/title>\n<meta name=\"description\" content=\"An outdoor sports lover and passionate about cycling, he has a big experience in the bike world. In spite of his mountain bike XC profile, he lived the fixed-gear fever closely and all the racing scene of those years. Apart from that, he also was related to a German bike brand where he was a co-founder.\" \/>\n<meta name=\"robots\" content=\"index, follow, max-snippet:-1, max-image-preview:large, max-video-preview:-1\" \/>\n<link rel=\"canonical\" href=\"https:\/\/rawcyclingmag.com\/es\/author\/carlos\/\" \/>\n<meta property=\"og:locale\" content=\"es_ES\" \/>\n<meta property=\"og:type\" content=\"profile\" \/>\n<meta property=\"og:title\" content=\"Carlos Serra\" \/>\n<meta property=\"og:description\" content=\"An outdoor sports lover and passionate about cycling, he has a big experience in the bike world. In spite of his mountain bike XC profile, he lived the fixed-gear fever closely and all the racing scene of those years. Apart from that, he also was related to a German bike brand where he was a co-founder.\" \/>\n<meta property=\"og:url\" content=\"https:\/\/rawcyclingmag.com\/author\/carlos\/\" \/>\n<meta property=\"og:site_name\" content=\"RAW Cycling Magazine\" \/>\n<meta property=\"og:image\" content=\"https:\/\/secure.gravatar.com\/avatar\/a5293bb3295acc9ac9599a7227c7d7acae2f52a9ac897fdf95a9a8a601d4087d?s=500&d=mm&r=g\" \/>\n<meta name=\"twitter:card\" content=\"summary_large_image\" \/>\n<meta name=\"twitter:site\" content=\"@rawcyclingmag\" \/>\n<script type=\"application\/ld+json\" class=\"yoast-schema-graph\">{\"@context\":\"https:\/\/schema.org\",\"@graph\":[{\"@type\":\"ProfilePage\",\"@id\":\"https:\/\/rawcyclingmag.com\/author\/carlos\/\",\"url\":\"https:\/\/rawcyclingmag.com\/author\/carlos\/\",\"name\":\"Carlos Serra, autor en RAW Cycling Magazine\",\"isPartOf\":{\"@id\":\"https:\/\/rawcyclingmag.com\/es\/#website\"},\"description\":\"An outdoor sports lover and passionate about cycling, he has a big experience in the bike world. In spite of his mountain bike XC profile, he lived the fixed-gear fever closely and all the racing scene of those years. Apart from that, he also was related to a German bike brand where he was a co-founder.\",\"breadcrumb\":{\"@id\":\"https:\/\/rawcyclingmag.com\/author\/carlos\/#breadcrumb\"},\"inLanguage\":\"es\",\"potentialAction\":[{\"@type\":\"ReadAction\",\"target\":[\"https:\/\/rawcyclingmag.com\/author\/carlos\/\"]}]},{\"@type\":\"BreadcrumbList\",\"@id\":\"https:\/\/rawcyclingmag.com\/author\/carlos\/#breadcrumb\",\"itemListElement\":[{\"@type\":\"ListItem\",\"position\":1,\"name\":\"Portada\",\"item\":\"https:\/\/rawcyclingmag.com\/es\/\"},{\"@type\":\"ListItem\",\"position\":2,\"name\":\"Archivo de Carlos Serra\"}]},{\"@type\":\"WebSite\",\"@id\":\"https:\/\/rawcyclingmag.com\/es\/#website\",\"url\":\"https:\/\/rawcyclingmag.com\/es\/\",\"name\":\"RAW Cycling Magazine\",\"description\":\"\",\"publisher\":{\"@id\":\"https:\/\/rawcyclingmag.com\/es\/#organization\"},\"potentialAction\":[{\"@type\":\"SearchAction\",\"target\":{\"@type\":\"EntryPoint\",\"urlTemplate\":\"https:\/\/rawcyclingmag.com\/es\/?s={search_term_string}\"},\"query-input\":{\"@type\":\"PropertyValueSpecification\",\"valueRequired\":true,\"valueName\":\"search_term_string\"}}],\"inLanguage\":\"es\"},{\"@type\":\"Organization\",\"@id\":\"https:\/\/rawcyclingmag.com\/es\/#organization\",\"name\":\"RAW Cycling Magazine\",\"url\":\"https:\/\/rawcyclingmag.com\/es\/\",\"logo\":{\"@type\":\"ImageObject\",\"inLanguage\":\"es\",\"@id\":\"https:\/\/rawcyclingmag.com\/es\/#\/schema\/logo\/image\/\",\"url\":\"https:\/\/rawcyclingmag.com\/wp-content\/uploads\/2018\/03\/RawMagazine.orange.medium.png\",\"contentUrl\":\"https:\/\/rawcyclingmag.com\/wp-content\/uploads\/2018\/03\/RawMagazine.orange.medium.png\",\"width\":300,\"height\":140,\"caption\":\"RAW Cycling Magazine\"},\"image\":{\"@id\":\"https:\/\/rawcyclingmag.com\/es\/#\/schema\/logo\/image\/\"},\"sameAs\":[\"http:\/\/facebook.com\/rawcyclingmag\",\"https:\/\/x.com\/rawcyclingmag\",\"http:\/\/instagram.com\/rawcyclingmag\"]},{\"@type\":\"Person\",\"@id\":\"https:\/\/rawcyclingmag.com\/es\/#\/schema\/person\/fb5a996e698e0b28c11d9724290e3178\",\"name\":\"Carlos Serra\",\"image\":{\"@type\":\"ImageObject\",\"inLanguage\":\"es\",\"@id\":\"https:\/\/rawcyclingmag.com\/es\/#\/schema\/person\/image\/\",\"url\":\"https:\/\/secure.gravatar.com\/avatar\/a5293bb3295acc9ac9599a7227c7d7acae2f52a9ac897fdf95a9a8a601d4087d?s=96&d=mm&r=g\",\"contentUrl\":\"https:\/\/secure.gravatar.com\/avatar\/a5293bb3295acc9ac9599a7227c7d7acae2f52a9ac897fdf95a9a8a601d4087d?s=96&d=mm&r=g\",\"caption\":\"Carlos Serra\"},\"description\":\"Un ciclista apasionado que lleva m\u00e1s de 20 a\u00f1os sobre las dos ruedas. Originalmente un mountainbiker, pero que ahora disfruta de todas las disciplinas. Estuvo muy activo durante la \u00e9poca competitiva del pi\u00f1\u00f3n fijo y fu\u00e9 cofundador de una marca de bicis alemana. A passionate cyclist that has now spent more than 20 years riding on two wheels. He is originally a mountainbike rider, however enjoys cycling in every discipline. He was active an part of the fixed-gear racing scene and co-founder of german bike brand .\",\"mainEntityOfPage\":{\"@id\":\"https:\/\/rawcyclingmag.com\/author\/carlos\/\"}}]}<\/script>\n<!-- \/ Yoast SEO Premium plugin. -->","yoast_head_json":{"title":"Carlos Serra, autor en RAW Cycling Magazine","description":"An outdoor sports lover and passionate about cycling, he has a big experience in the bike world. In spite of his mountain bike XC profile, he lived the fixed-gear fever closely and all the racing scene of those years. Apart from that, he also was related to a German bike brand where he was a co-founder.","robots":{"index":"index","follow":"follow","max-snippet":"max-snippet:-1","max-image-preview":"max-image-preview:large","max-video-preview":"max-video-preview:-1"},"canonical":"https:\/\/rawcyclingmag.com\/es\/author\/carlos\/","og_locale":"es_ES","og_type":"profile","og_title":"Carlos Serra","og_description":"An outdoor sports lover and passionate about cycling, he has a big experience in the bike world. In spite of his mountain bike XC profile, he lived the fixed-gear fever closely and all the racing scene of those years. Apart from that, he also was related to a German bike brand where he was a co-founder.","og_url":"https:\/\/rawcyclingmag.com\/author\/carlos\/","og_site_name":"RAW Cycling Magazine","og_image":[{"url":"https:\/\/secure.gravatar.com\/avatar\/a5293bb3295acc9ac9599a7227c7d7acae2f52a9ac897fdf95a9a8a601d4087d?s=500&d=mm&r=g","type":"","width":"","height":""}],"twitter_card":"summary_large_image","twitter_site":"@rawcyclingmag","schema":{"@context":"https:\/\/schema.org","@graph":[{"@type":"ProfilePage","@id":"https:\/\/rawcyclingmag.com\/author\/carlos\/","url":"https:\/\/rawcyclingmag.com\/author\/carlos\/","name":"Carlos Serra, autor en RAW Cycling Magazine","isPartOf":{"@id":"https:\/\/rawcyclingmag.com\/es\/#website"},"description":"An outdoor sports lover and passionate about cycling, he has a big experience in the bike world. In spite of his mountain bike XC profile, he lived the fixed-gear fever closely and all the racing scene of those years. Apart from that, he also was related to a German bike brand where he was a co-founder.","breadcrumb":{"@id":"https:\/\/rawcyclingmag.com\/author\/carlos\/#breadcrumb"},"inLanguage":"es","potentialAction":[{"@type":"ReadAction","target":["https:\/\/rawcyclingmag.com\/author\/carlos\/"]}]},{"@type":"BreadcrumbList","@id":"https:\/\/rawcyclingmag.com\/author\/carlos\/#breadcrumb","itemListElement":[{"@type":"ListItem","position":1,"name":"Portada","item":"https:\/\/rawcyclingmag.com\/es\/"},{"@type":"ListItem","position":2,"name":"Archivo de Carlos Serra"}]},{"@type":"WebSite","@id":"https:\/\/rawcyclingmag.com\/es\/#website","url":"https:\/\/rawcyclingmag.com\/es\/","name":"RAW Cycling Magazine","description":"","publisher":{"@id":"https:\/\/rawcyclingmag.com\/es\/#organization"},"potentialAction":[{"@type":"SearchAction","target":{"@type":"EntryPoint","urlTemplate":"https:\/\/rawcyclingmag.com\/es\/?s={search_term_string}"},"query-input":{"@type":"PropertyValueSpecification","valueRequired":true,"valueName":"search_term_string"}}],"inLanguage":"es"},{"@type":"Organization","@id":"https:\/\/rawcyclingmag.com\/es\/#organization","name":"RAW Cycling Magazine","url":"https:\/\/rawcyclingmag.com\/es\/","logo":{"@type":"ImageObject","inLanguage":"es","@id":"https:\/\/rawcyclingmag.com\/es\/#\/schema\/logo\/image\/","url":"https:\/\/rawcyclingmag.com\/wp-content\/uploads\/2018\/03\/RawMagazine.orange.medium.png","contentUrl":"https:\/\/rawcyclingmag.com\/wp-content\/uploads\/2018\/03\/RawMagazine.orange.medium.png","width":300,"height":140,"caption":"RAW Cycling Magazine"},"image":{"@id":"https:\/\/rawcyclingmag.com\/es\/#\/schema\/logo\/image\/"},"sameAs":["http:\/\/facebook.com\/rawcyclingmag","https:\/\/x.com\/rawcyclingmag","http:\/\/instagram.com\/rawcyclingmag"]},{"@type":"Person","@id":"https:\/\/rawcyclingmag.com\/es\/#\/schema\/person\/fb5a996e698e0b28c11d9724290e3178","name":"Carlos Serra","image":{"@type":"ImageObject","inLanguage":"es","@id":"https:\/\/rawcyclingmag.com\/es\/#\/schema\/person\/image\/","url":"https:\/\/secure.gravatar.com\/avatar\/a5293bb3295acc9ac9599a7227c7d7acae2f52a9ac897fdf95a9a8a601d4087d?s=96&d=mm&r=g","contentUrl":"https:\/\/secure.gravatar.com\/avatar\/a5293bb3295acc9ac9599a7227c7d7acae2f52a9ac897fdf95a9a8a601d4087d?s=96&d=mm&r=g","caption":"Carlos Serra"},"description":"Un ciclista apasionado que lleva m\u00e1s de 20 a\u00f1os sobre las dos ruedas. Originalmente un mountainbiker, pero que ahora disfruta de todas las disciplinas. Estuvo muy activo durante la \u00e9poca competitiva del pi\u00f1\u00f3n fijo y fu\u00e9 cofundador de una marca de bicis alemana. A passionate cyclist that has now spent more than 20 years riding on two wheels. He is originally a mountainbike rider, however enjoys cycling in every discipline. He was active an part of the fixed-gear racing scene and co-founder of german bike brand .","mainEntityOfPage":{"@id":"https:\/\/rawcyclingmag.com\/author\/carlos\/"}}]}},"is_super_admin":true,"woocommerce_meta":{"variable_product_tour_shown":"","wc_payments_overview_inbox_last_read":"","wc_payments_transactions_hidden_columns":"","wc_payments_transactions_blocked_hidden_columns":"","wc_payments_transactions_risk_review_hidden_columns":"","wc_payments_transactions_uncaptured_hidden_columns":"","wc_payments_payouts_hidden_columns":"","wc_payments_disputes_hidden_columns":"","wc_payments_documents_hidden_columns":"","wc_payments_wporg_review_2025_prompt_dismissed":"","wc_payments_review_prompt_dismissed":"","wc_payments_review_prompt_maybe_later":"","activity_panel_inbox_last_read":"","activity_panel_reviews_last_read":"","homepage_layout":"","homepage_stats":"","task_list_tracked_started_tasks":"","android_app_banner_dismissed":"","launch_your_store_tour_hidden":"yes","coming_soon_banner_dismissed":""},"elementor_introduction":{"e-editor-one-notice-pointer":true},"_links":{"self":[{"href":"https:\/\/rawcyclingmag.com\/es\/wp-json\/wp\/v2\/users\/23","targetHints":{"allow":["GET"]}}],"collection":[{"href":"https:\/\/rawcyclingmag.com\/es\/wp-json\/wp\/v2\/users"}]}}