{"id":52181,"date":"2026-09-04T10:00:00","date_gmt":"2026-09-04T08:00:00","guid":{"rendered":"https:\/\/rawcyclingmag.com\/?p=52181"},"modified":"2026-09-02T10:08:12","modified_gmt":"2026-09-02T08:08:12","slug":"factor-elara","status":"publish","type":"post","link":"https:\/\/rawcyclingmag.com\/es\/factor-elara\/","title":{"rendered":"The Factor ELARA is the gravel bike everyone has been talking about"},"content":{"rendered":"\n<p class=\"wp-block-wd-paragraph wd-371178c0\">El lanzamiento de la nueva Factor Elara se ha mantenido en secreto durante meses. Desde que vimos a Romain Bardet compitiendo con ella en Santa Vall en febrero, la bicicleta se ha convertido en uno de los secretos peor guardados del ciclismo de gravel.<\/p>\n\n\n\n<p class=\"wp-block-wd-paragraph wd-b3d2877c\">La forma de sus tubos resultaba sorprendentemente familiar, casi como si alguien hubiera tomado la Factor ONE y la hubiera adaptado al mundo del gravel. Desde luego, no parec\u00eda una bicicleta de aventura convencional, ni tampoco se asemejaba del todo a la OSTRO Gravel. Inmediatamente gener\u00f3 conversaci\u00f3n en grupos de aficionados y c\u00edrculos del sector, y la \u00fanica pregunta era cu\u00e1ndo Factor la presentar\u00eda oficialmente. Ese momento ha llegado.<\/p>\n\n\n\n<figure class=\"wp-block-gallery has-nested-images columns-default is-cropped wp-block-gallery-1 is-layout-flex wp-block-gallery-is-layout-flex\">\n<figure class=\"wp-block-image size-full\"><a href=\"https:\/\/rawcyclingmag.com\/wp-content\/uploads\/2026\/09\/ELARA-Virescent-Blue-Action-31-9ec100.jpg\"><img decoding=\"async\" width=\"1333\" height=\"2000\" data-id=\"52172\" src=\"https:\/\/rawcyclingmag.com\/wp-content\/uploads\/2026\/09\/ELARA-Virescent-Blue-Action-31-9ec100.jpg\" alt=\"\" class=\"wp-image-52172\" srcset=\"https:\/\/rawcyclingmag.com\/wp-content\/uploads\/2026\/09\/ELARA-Virescent-Blue-Action-31-9ec100.jpg 1333w, https:\/\/rawcyclingmag.com\/wp-content\/uploads\/2026\/09\/ELARA-Virescent-Blue-Action-31-9ec100-200x300.jpg 200w, https:\/\/rawcyclingmag.com\/wp-content\/uploads\/2026\/09\/ELARA-Virescent-Blue-Action-31-9ec100-720x1080.jpg 720w, https:\/\/rawcyclingmag.com\/wp-content\/uploads\/2026\/09\/ELARA-Virescent-Blue-Action-31-9ec100-768x1152.jpg 768w, https:\/\/rawcyclingmag.com\/wp-content\/uploads\/2026\/09\/ELARA-Virescent-Blue-Action-31-9ec100-1024x1536.jpg 1024w, https:\/\/rawcyclingmag.com\/wp-content\/uploads\/2026\/09\/ELARA-Virescent-Blue-Action-31-9ec100-430x645.jpg 430w, https:\/\/rawcyclingmag.com\/wp-content\/uploads\/2026\/09\/ELARA-Virescent-Blue-Action-31-9ec100-700x1050.jpg 700w, https:\/\/rawcyclingmag.com\/wp-content\/uploads\/2026\/09\/ELARA-Virescent-Blue-Action-31-9ec100-150x225.jpg 150w\" sizes=\"(max-width: 1333px) 100vw, 1333px\" \/><\/a><\/figure>\n\n\n\n<figure class=\"wp-block-image size-full\"><a href=\"https:\/\/rawcyclingmag.com\/wp-content\/uploads\/2026\/09\/ELARA-Virescent-Blue-Action-61-Ff64f4.jpg\"><img decoding=\"async\" width=\"1333\" height=\"2000\" data-id=\"52164\" src=\"https:\/\/rawcyclingmag.com\/wp-content\/uploads\/2026\/09\/ELARA-Virescent-Blue-Action-61-Ff64f4.jpg\" alt=\"\" class=\"wp-image-52164\" srcset=\"https:\/\/rawcyclingmag.com\/wp-content\/uploads\/2026\/09\/ELARA-Virescent-Blue-Action-61-Ff64f4.jpg 1333w, https:\/\/rawcyclingmag.com\/wp-content\/uploads\/2026\/09\/ELARA-Virescent-Blue-Action-61-Ff64f4-200x300.jpg 200w, https:\/\/rawcyclingmag.com\/wp-content\/uploads\/2026\/09\/ELARA-Virescent-Blue-Action-61-Ff64f4-720x1080.jpg 720w, https:\/\/rawcyclingmag.com\/wp-content\/uploads\/2026\/09\/ELARA-Virescent-Blue-Action-61-Ff64f4-768x1152.jpg 768w, https:\/\/rawcyclingmag.com\/wp-content\/uploads\/2026\/09\/ELARA-Virescent-Blue-Action-61-Ff64f4-1024x1536.jpg 1024w, https:\/\/rawcyclingmag.com\/wp-content\/uploads\/2026\/09\/ELARA-Virescent-Blue-Action-61-Ff64f4-430x645.jpg 430w, https:\/\/rawcyclingmag.com\/wp-content\/uploads\/2026\/09\/ELARA-Virescent-Blue-Action-61-Ff64f4-700x1050.jpg 700w, https:\/\/rawcyclingmag.com\/wp-content\/uploads\/2026\/09\/ELARA-Virescent-Blue-Action-61-Ff64f4-150x225.jpg 150w\" sizes=\"(max-width: 1333px) 100vw, 1333px\" \/><\/a><\/figure>\n<\/figure>\n\n\n\n<figure class=\"wp-block-image size-large\"><a href=\"https:\/\/rawcyclingmag.com\/wp-content\/uploads\/2026\/09\/ELARA-Virescent-Blue-Action-64-Acc31f.jpg\"><img decoding=\"async\" width=\"1555\" height=\"1080\" src=\"https:\/\/rawcyclingmag.com\/wp-content\/uploads\/2026\/09\/ELARA-Virescent-Blue-Action-64-Acc31f-1555x1080.jpg\" alt=\"\" class=\"wp-image-52167\" srcset=\"https:\/\/rawcyclingmag.com\/wp-content\/uploads\/2026\/09\/ELARA-Virescent-Blue-Action-64-Acc31f-1555x1080.jpg 1555w, https:\/\/rawcyclingmag.com\/wp-content\/uploads\/2026\/09\/ELARA-Virescent-Blue-Action-64-Acc31f-400x278.jpg 400w, https:\/\/rawcyclingmag.com\/wp-content\/uploads\/2026\/09\/ELARA-Virescent-Blue-Action-64-Acc31f-768x533.jpg 768w, https:\/\/rawcyclingmag.com\/wp-content\/uploads\/2026\/09\/ELARA-Virescent-Blue-Action-64-Acc31f-1536x1067.jpg 1536w, https:\/\/rawcyclingmag.com\/wp-content\/uploads\/2026\/09\/ELARA-Virescent-Blue-Action-64-Acc31f-430x299.jpg 430w, https:\/\/rawcyclingmag.com\/wp-content\/uploads\/2026\/09\/ELARA-Virescent-Blue-Action-64-Acc31f-700x486.jpg 700w, https:\/\/rawcyclingmag.com\/wp-content\/uploads\/2026\/09\/ELARA-Virescent-Blue-Action-64-Acc31f-150x104.jpg 150w, https:\/\/rawcyclingmag.com\/wp-content\/uploads\/2026\/09\/ELARA-Virescent-Blue-Action-64-Acc31f.jpg 2000w\" sizes=\"(max-width: 1555px) 100vw, 1555px\" \/><\/a><\/figure>\n\n\n\n<h2 id=\"h-adn-de-bicicleta-de-carretera-con-espacio-para-neumaticos-de-57-mm\" class=\"wp-block-heading\">ADN de bicicleta de carretera, con espacio para neum\u00e1ticos de 57 mm<\/h2>\n\n\n\n<p class=\"wp-block-wd-paragraph wd-ad973a5b\">Factor describe la ELARA como su \u201cexpresi\u00f3n m\u00e1s pura de gravel r\u00e1pido\u201d, y su filosof\u00eda es sorprendentemente sencilla. En lugar de partir de la geometr\u00eda relajada tradicionalmente asociada al gravel, Factor quer\u00eda que la bicicleta conservara la inmediatez y la precisi\u00f3n de una bicicleta de carretera. Esta bicicleta est\u00e1 dise\u00f1ada para ofrecer una sensaci\u00f3n inmediata, precisa y estable a velocidades de competici\u00f3n. <\/p>\n\n\n\n<p class=\"wp-block-wd-paragraph wd-526d5429\">Su geometr\u00eda est\u00e1 pensada para \u201cpremiar una posici\u00f3n agresiva y movimientos decisivos, brindando a los ciclistas la confianza necesaria para atacar las curvas, acelerar al salir de ellas y mantener la velocidad en terrenos que cambian r\u00e1pidamente.\u201d<\/p>\n\n\n\n<p class=\"wp-block-wd-paragraph wd-d4d9bf56\">Esto se traduce en un mayor <em>reach<\/em>, un menor <em>trail<\/em> y un eje de pedalier m\u00e1s bajo que su predecesora. Lo interesante es que Factor no ha logrado esto limitando las capacidades todoterreno de la bicicleta. La ELARA admite neum\u00e1ticos de hasta 57 mm (2,2&#8243; pulgadas) manteniendo unas vainas de 423 mm, y es compatible con transmisiones 1x y 2x, incluyendo un plato de 52 dientes en configuraci\u00f3n 1x.<\/p>\n\n\n\n<figure class=\"wp-block-gallery has-nested-images columns-2 is-cropped wp-block-gallery-2 is-layout-flex wp-block-gallery-is-layout-flex\">\n<figure class=\"wp-block-image size-full\"><a href=\"https:\/\/rawcyclingmag.com\/wp-content\/uploads\/2026\/09\/ELARA-Virescent-Blue-Action-48-Ceef41.jpg\"><img decoding=\"async\" width=\"1296\" height=\"2000\" data-id=\"52170\" src=\"https:\/\/rawcyclingmag.com\/wp-content\/uploads\/2026\/09\/ELARA-Virescent-Blue-Action-48-Ceef41.jpg\" alt=\"\" class=\"wp-image-52170\" srcset=\"https:\/\/rawcyclingmag.com\/wp-content\/uploads\/2026\/09\/ELARA-Virescent-Blue-Action-48-Ceef41.jpg 1296w, https:\/\/rawcyclingmag.com\/wp-content\/uploads\/2026\/09\/ELARA-Virescent-Blue-Action-48-Ceef41-194x300.jpg 194w, https:\/\/rawcyclingmag.com\/wp-content\/uploads\/2026\/09\/ELARA-Virescent-Blue-Action-48-Ceef41-700x1080.jpg 700w, https:\/\/rawcyclingmag.com\/wp-content\/uploads\/2026\/09\/ELARA-Virescent-Blue-Action-48-Ceef41-768x1185.jpg 768w, https:\/\/rawcyclingmag.com\/wp-content\/uploads\/2026\/09\/ELARA-Virescent-Blue-Action-48-Ceef41-995x1536.jpg 995w, https:\/\/rawcyclingmag.com\/wp-content\/uploads\/2026\/09\/ELARA-Virescent-Blue-Action-48-Ceef41-430x664.jpg 430w, https:\/\/rawcyclingmag.com\/wp-content\/uploads\/2026\/09\/ELARA-Virescent-Blue-Action-48-Ceef41-150x231.jpg 150w\" sizes=\"(max-width: 1296px) 100vw, 1296px\" \/><\/a><\/figure>\n\n\n\n<figure class=\"wp-block-image size-full\"><a href=\"https:\/\/rawcyclingmag.com\/wp-content\/uploads\/2026\/09\/ELARA-Virescent-Blue-Action-20-Ab99db.jpg\"><img decoding=\"async\" width=\"1333\" height=\"2000\" data-id=\"52179\" src=\"https:\/\/rawcyclingmag.com\/wp-content\/uploads\/2026\/09\/ELARA-Virescent-Blue-Action-20-Ab99db.jpg\" alt=\"\" class=\"wp-image-52179\" srcset=\"https:\/\/rawcyclingmag.com\/wp-content\/uploads\/2026\/09\/ELARA-Virescent-Blue-Action-20-Ab99db.jpg 1333w, https:\/\/rawcyclingmag.com\/wp-content\/uploads\/2026\/09\/ELARA-Virescent-Blue-Action-20-Ab99db-200x300.jpg 200w, https:\/\/rawcyclingmag.com\/wp-content\/uploads\/2026\/09\/ELARA-Virescent-Blue-Action-20-Ab99db-720x1080.jpg 720w, https:\/\/rawcyclingmag.com\/wp-content\/uploads\/2026\/09\/ELARA-Virescent-Blue-Action-20-Ab99db-768x1152.jpg 768w, https:\/\/rawcyclingmag.com\/wp-content\/uploads\/2026\/09\/ELARA-Virescent-Blue-Action-20-Ab99db-1024x1536.jpg 1024w, https:\/\/rawcyclingmag.com\/wp-content\/uploads\/2026\/09\/ELARA-Virescent-Blue-Action-20-Ab99db-430x645.jpg 430w, https:\/\/rawcyclingmag.com\/wp-content\/uploads\/2026\/09\/ELARA-Virescent-Blue-Action-20-Ab99db-700x1050.jpg 700w, https:\/\/rawcyclingmag.com\/wp-content\/uploads\/2026\/09\/ELARA-Virescent-Blue-Action-20-Ab99db-150x225.jpg 150w\" sizes=\"(max-width: 1333px) 100vw, 1333px\" \/><\/a><\/figure>\n\n\n\n<figure class=\"wp-block-image size-full\"><a href=\"https:\/\/rawcyclingmag.com\/wp-content\/uploads\/2026\/09\/ELARA-Virescent-Blue-Action-62-1a06e8.jpg\"><img decoding=\"async\" width=\"2000\" height=\"1333\" data-id=\"52165\" src=\"https:\/\/rawcyclingmag.com\/wp-content\/uploads\/2026\/09\/ELARA-Virescent-Blue-Action-62-1a06e8.jpg\" alt=\"\" class=\"wp-image-52165\" srcset=\"https:\/\/rawcyclingmag.com\/wp-content\/uploads\/2026\/09\/ELARA-Virescent-Blue-Action-62-1a06e8.jpg 2000w, https:\/\/rawcyclingmag.com\/wp-content\/uploads\/2026\/09\/ELARA-Virescent-Blue-Action-62-1a06e8-400x267.jpg 400w, https:\/\/rawcyclingmag.com\/wp-content\/uploads\/2026\/09\/ELARA-Virescent-Blue-Action-62-1a06e8-1620x1080.jpg 1620w, https:\/\/rawcyclingmag.com\/wp-content\/uploads\/2026\/09\/ELARA-Virescent-Blue-Action-62-1a06e8-768x512.jpg 768w, https:\/\/rawcyclingmag.com\/wp-content\/uploads\/2026\/09\/ELARA-Virescent-Blue-Action-62-1a06e8-1536x1024.jpg 1536w, https:\/\/rawcyclingmag.com\/wp-content\/uploads\/2026\/09\/ELARA-Virescent-Blue-Action-62-1a06e8-430x287.jpg 430w, https:\/\/rawcyclingmag.com\/wp-content\/uploads\/2026\/09\/ELARA-Virescent-Blue-Action-62-1a06e8-700x467.jpg 700w, https:\/\/rawcyclingmag.com\/wp-content\/uploads\/2026\/09\/ELARA-Virescent-Blue-Action-62-1a06e8-150x100.jpg 150w\" sizes=\"(max-width: 2000px) 100vw, 2000px\" \/><\/a><\/figure>\n\n\n\n<figure class=\"wp-block-image size-full\"><a href=\"https:\/\/rawcyclingmag.com\/wp-content\/uploads\/2026\/09\/ELARA-Virescent-Blue-Action-53-46328c.jpg\"><img decoding=\"async\" width=\"2000\" height=\"1333\" data-id=\"52169\" src=\"https:\/\/rawcyclingmag.com\/wp-content\/uploads\/2026\/09\/ELARA-Virescent-Blue-Action-53-46328c.jpg\" alt=\"\" class=\"wp-image-52169\" srcset=\"https:\/\/rawcyclingmag.com\/wp-content\/uploads\/2026\/09\/ELARA-Virescent-Blue-Action-53-46328c.jpg 2000w, https:\/\/rawcyclingmag.com\/wp-content\/uploads\/2026\/09\/ELARA-Virescent-Blue-Action-53-46328c-400x267.jpg 400w, https:\/\/rawcyclingmag.com\/wp-content\/uploads\/2026\/09\/ELARA-Virescent-Blue-Action-53-46328c-1620x1080.jpg 1620w, https:\/\/rawcyclingmag.com\/wp-content\/uploads\/2026\/09\/ELARA-Virescent-Blue-Action-53-46328c-768x512.jpg 768w, https:\/\/rawcyclingmag.com\/wp-content\/uploads\/2026\/09\/ELARA-Virescent-Blue-Action-53-46328c-1536x1024.jpg 1536w, https:\/\/rawcyclingmag.com\/wp-content\/uploads\/2026\/09\/ELARA-Virescent-Blue-Action-53-46328c-430x287.jpg 430w, https:\/\/rawcyclingmag.com\/wp-content\/uploads\/2026\/09\/ELARA-Virescent-Blue-Action-53-46328c-700x467.jpg 700w, https:\/\/rawcyclingmag.com\/wp-content\/uploads\/2026\/09\/ELARA-Virescent-Blue-Action-53-46328c-150x100.jpg 150w\" sizes=\"(max-width: 2000px) 100vw, 2000px\" \/><\/a><\/figure>\n<\/figure>\n\n\n\n<p class=\"wp-block-wd-paragraph wd-908b13fd\">Esta combinaci\u00f3n es la clave de la bicicleta. Los ingenieros de Factor tuvieron que redise\u00f1ar radicalmente las vainas y el tubo del sill\u00edn para crear suficiente espacio para neum\u00e1ticos anchos y transmisiones 2x, optando finalmente por una aut\u00e9ntica construcci\u00f3n monocasco de una sola pieza que les permiti\u00f3 esculpir el cuadro en funci\u00f3n de estos requisitos.<\/p>\n\n\n\n<h2 id=\"h-la-aerodinamica-ya-no-es-un-tabu-en-el-gravel\" class=\"wp-block-heading\">La aerodin\u00e1mica ya no es un tab\u00fa en el gravel<\/h2>\n\n\n\n<p class=\"wp-block-wd-paragraph wd-63f4c761\">La conexi\u00f3n con las bicicletas de carretera de Factor no es meramente visual. El desarrollo aerodin\u00e1mico de la ELARA se basa directamente en los avances de la ONE y la OSTRO VAM de la compa\u00f1\u00eda, incluyendo el tubo de direcci\u00f3n estrecho, la integraci\u00f3n planar de la horquilla y las transiciones cuidadosamente dise\u00f1adas alrededor del tubo diagonal y los portabidones. Factor afirma que las pruebas CFD han demostrado reducciones medibles de la resistencia aerodin\u00e1mica incluso con neum\u00e1ticos de competici\u00f3n de 45 a 57 mm.<\/p>\n\n\n\n<figure class=\"wp-block-image size-large\"><a href=\"https:\/\/rawcyclingmag.com\/wp-content\/uploads\/2026\/09\/ELARA-Virescent-Blue-Action-36-B2a769.jpg\"><img decoding=\"async\" width=\"1620\" height=\"1080\" src=\"https:\/\/rawcyclingmag.com\/wp-content\/uploads\/2026\/09\/ELARA-Virescent-Blue-Action-36-B2a769-1620x1080.jpg\" alt=\"\" class=\"wp-image-52173\" srcset=\"https:\/\/rawcyclingmag.com\/wp-content\/uploads\/2026\/09\/ELARA-Virescent-Blue-Action-36-B2a769-1620x1080.jpg 1620w, https:\/\/rawcyclingmag.com\/wp-content\/uploads\/2026\/09\/ELARA-Virescent-Blue-Action-36-B2a769-400x267.jpg 400w, https:\/\/rawcyclingmag.com\/wp-content\/uploads\/2026\/09\/ELARA-Virescent-Blue-Action-36-B2a769-768x512.jpg 768w, https:\/\/rawcyclingmag.com\/wp-content\/uploads\/2026\/09\/ELARA-Virescent-Blue-Action-36-B2a769-1536x1024.jpg 1536w, https:\/\/rawcyclingmag.com\/wp-content\/uploads\/2026\/09\/ELARA-Virescent-Blue-Action-36-B2a769-430x287.jpg 430w, https:\/\/rawcyclingmag.com\/wp-content\/uploads\/2026\/09\/ELARA-Virescent-Blue-Action-36-B2a769-700x467.jpg 700w, https:\/\/rawcyclingmag.com\/wp-content\/uploads\/2026\/09\/ELARA-Virescent-Blue-Action-36-B2a769-150x100.jpg 150w, https:\/\/rawcyclingmag.com\/wp-content\/uploads\/2026\/09\/ELARA-Virescent-Blue-Action-36-B2a769.jpg 2000w\" sizes=\"(max-width: 1620px) 100vw, 1620px\" \/><\/a><\/figure>\n\n\n\n<p class=\"wp-block-wd-paragraph wd-a885d5a4\">Pero quiz\u00e1s lo m\u00e1s interesante de la ELARA sea lo poco que Factor ha sacrificado para lograr ese car\u00e1cter de bicicleta de carretera. La compa\u00f1\u00eda no presenta el espacio libre de 57 mm como una invitaci\u00f3n a convertir la bicicleta en una moto de aventura. Todo lo contrario. El espacio adicional existe porque las carreras de gravel modernas son cada vez m\u00e1s r\u00e1pidas y exigentes, y porque un neum\u00e1tico m\u00e1s ancho permite a los ciclistas mantener la velocidad cuando el terreno se vuelve muy irregular.<\/p>\n","protected":false},"excerpt":{"rendered":"<p>ADN de bicicleta de carretera, con espacio para neum\u00e1ticos de 57 mm La aerodin\u00e1mica ya no es un tab\u00fa en<\/p>\n","protected":false},"author":11,"featured_media":52171,"comment_status":"open","ping_status":"closed","sticky":false,"template":"","format":"standard","meta":{"footnotes":""},"categories":[3958],"tags":[4503,4572],"class_list":["post-52181","post","type-post","status-publish","format-standard","has-post-thumbnail","hentry","category-noticias","tag-gravel-bike","tag-factor"],"yoast_head":"<!-- This site is optimized with the Yoast SEO Premium plugin v27.0 (Yoast SEO v27.0) - https:\/\/yoast.com\/product\/yoast-seo-premium-wordpress\/ -->\n<title>The Factor ELARA is the gravel bike everyone has been talking about - RAW Cycling Magazine<\/title>\n<meta name=\"robots\" content=\"index, follow, max-snippet:-1, max-image-preview:large, max-video-preview:-1\" \/>\n<link rel=\"canonical\" href=\"https:\/\/rawcyclingmag.com\/es\/factor-elara\/\" \/>\n<meta property=\"og:locale\" content=\"es_ES\" \/>\n<meta property=\"og:type\" content=\"article\" \/>\n<meta property=\"og:title\" content=\"The Factor ELARA is the gravel bike everyone has been talking about\" \/>\n<meta property=\"og:description\" content=\"ADN de bicicleta de carretera, con espacio para neum\u00e1ticos de 57 mm La aerodin\u00e1mica ya no es un tab\u00fa en\" \/>\n<meta property=\"og:url\" content=\"https:\/\/rawcyclingmag.com\/es\/factor-elara\/\" \/>\n<meta property=\"og:site_name\" content=\"RAW Cycling Magazine\" \/>\n<meta property=\"article:publisher\" content=\"http:\/\/facebook.com\/rawcyclingmag\" \/>\n<meta property=\"article:published_time\" content=\"2026-09-04T08:00:00+00:00\" \/>\n<meta property=\"og:image\" content=\"https:\/\/rawcyclingmag.com\/wp-content\/uploads\/2026\/09\/ELARA-Virescent-Blue-Action-41-201b06.jpg\" \/>\n\t<meta property=\"og:image:width\" content=\"2000\" \/>\n\t<meta property=\"og:image:height\" content=\"1333\" \/>\n\t<meta property=\"og:image:type\" content=\"image\/jpeg\" \/>\n<meta name=\"author\" content=\"Javi Angulo\" \/>\n<meta name=\"twitter:card\" content=\"summary_large_image\" \/>\n<meta name=\"twitter:creator\" content=\"@rawcyclingmag\" \/>\n<meta name=\"twitter:site\" content=\"@rawcyclingmag\" \/>\n<meta name=\"twitter:label1\" content=\"Escrito por\" \/>\n\t<meta name=\"twitter:data1\" content=\"Javi Angulo\" \/>\n\t<meta name=\"twitter:label2\" content=\"Tiempo de lectura\" \/>\n\t<meta name=\"twitter:data2\" content=\"5 minutos\" \/>\n<script type=\"application\/ld+json\" class=\"yoast-schema-graph\">{\"@context\":\"https:\/\/schema.org\",\"@graph\":[{\"@type\":\"Article\",\"@id\":\"https:\/\/rawcyclingmag.com\/es\/factor-elara\/#article\",\"isPartOf\":{\"@id\":\"https:\/\/rawcyclingmag.com\/es\/factor-elara\/\"},\"author\":{\"name\":\"Javi Angulo\",\"@id\":\"https:\/\/rawcyclingmag.com\/es\/#\/schema\/person\/9a9334e46cc1757dface39a245240ac2\"},\"headline\":\"The Factor ELARA is the gravel bike everyone has been talking about\",\"datePublished\":\"2026-09-04T08:00:00+00:00\",\"mainEntityOfPage\":{\"@id\":\"https:\/\/rawcyclingmag.com\/es\/factor-elara\/\"},\"wordCount\":578,\"commentCount\":0,\"publisher\":{\"@id\":\"https:\/\/rawcyclingmag.com\/es\/#organization\"},\"image\":{\"@id\":\"https:\/\/rawcyclingmag.com\/es\/factor-elara\/#primaryimage\"},\"thumbnailUrl\":\"https:\/\/rawcyclingmag.com\/wp-content\/uploads\/2026\/09\/ELARA-Virescent-Blue-Action-41-201b06.jpg\",\"keywords\":[\"gravel bike\",\"factor\"],\"articleSection\":[\"Noticias\"],\"inLanguage\":\"es\",\"potentialAction\":[{\"@type\":\"CommentAction\",\"name\":\"Comment\",\"target\":[\"https:\/\/rawcyclingmag.com\/es\/factor-elara\/#respond\"]}]},{\"@type\":\"WebPage\",\"@id\":\"https:\/\/rawcyclingmag.com\/es\/factor-elara\/\",\"url\":\"https:\/\/rawcyclingmag.com\/es\/factor-elara\/\",\"name\":\"The Factor ELARA is the gravel bike everyone has been talking about - RAW Cycling Magazine\",\"isPartOf\":{\"@id\":\"https:\/\/rawcyclingmag.com\/es\/#website\"},\"primaryImageOfPage\":{\"@id\":\"https:\/\/rawcyclingmag.com\/es\/factor-elara\/#primaryimage\"},\"image\":{\"@id\":\"https:\/\/rawcyclingmag.com\/es\/factor-elara\/#primaryimage\"},\"thumbnailUrl\":\"https:\/\/rawcyclingmag.com\/wp-content\/uploads\/2026\/09\/ELARA-Virescent-Blue-Action-41-201b06.jpg\",\"datePublished\":\"2026-09-04T08:00:00+00:00\",\"breadcrumb\":{\"@id\":\"https:\/\/rawcyclingmag.com\/es\/factor-elara\/#breadcrumb\"},\"inLanguage\":\"es\",\"potentialAction\":[{\"@type\":\"ReadAction\",\"target\":[\"https:\/\/rawcyclingmag.com\/es\/factor-elara\/\"]}]},{\"@type\":\"ImageObject\",\"inLanguage\":\"es\",\"@id\":\"https:\/\/rawcyclingmag.com\/es\/factor-elara\/#primaryimage\",\"url\":\"https:\/\/rawcyclingmag.com\/wp-content\/uploads\/2026\/09\/ELARA-Virescent-Blue-Action-41-201b06.jpg\",\"contentUrl\":\"https:\/\/rawcyclingmag.com\/wp-content\/uploads\/2026\/09\/ELARA-Virescent-Blue-Action-41-201b06.jpg\",\"width\":2000,\"height\":1333},{\"@type\":\"BreadcrumbList\",\"@id\":\"https:\/\/rawcyclingmag.com\/es\/factor-elara\/#breadcrumb\",\"itemListElement\":[{\"@type\":\"ListItem\",\"position\":1,\"name\":\"Portada\",\"item\":\"https:\/\/rawcyclingmag.com\/es\/\"},{\"@type\":\"ListItem\",\"position\":2,\"name\":\"The Factor ELARA is the gravel bike everyone has been talking about\"}]},{\"@type\":\"WebSite\",\"@id\":\"https:\/\/rawcyclingmag.com\/es\/#website\",\"url\":\"https:\/\/rawcyclingmag.com\/es\/\",\"name\":\"RAW Cycling Magazine\",\"description\":\"\",\"publisher\":{\"@id\":\"https:\/\/rawcyclingmag.com\/es\/#organization\"},\"potentialAction\":[{\"@type\":\"SearchAction\",\"target\":{\"@type\":\"EntryPoint\",\"urlTemplate\":\"https:\/\/rawcyclingmag.com\/es\/?s={search_term_string}\"},\"query-input\":{\"@type\":\"PropertyValueSpecification\",\"valueRequired\":true,\"valueName\":\"search_term_string\"}}],\"inLanguage\":\"es\"},{\"@type\":\"Organization\",\"@id\":\"https:\/\/rawcyclingmag.com\/es\/#organization\",\"name\":\"RAW Cycling Magazine\",\"url\":\"https:\/\/rawcyclingmag.com\/es\/\",\"logo\":{\"@type\":\"ImageObject\",\"inLanguage\":\"es\",\"@id\":\"https:\/\/rawcyclingmag.com\/es\/#\/schema\/logo\/image\/\",\"url\":\"https:\/\/rawcyclingmag.com\/wp-content\/uploads\/2018\/03\/RawMagazine.orange.medium.png\",\"contentUrl\":\"https:\/\/rawcyclingmag.com\/wp-content\/uploads\/2018\/03\/RawMagazine.orange.medium.png\",\"width\":300,\"height\":140,\"caption\":\"RAW Cycling Magazine\"},\"image\":{\"@id\":\"https:\/\/rawcyclingmag.com\/es\/#\/schema\/logo\/image\/\"},\"sameAs\":[\"http:\/\/facebook.com\/rawcyclingmag\",\"https:\/\/x.com\/rawcyclingmag\",\"http:\/\/instagram.com\/rawcyclingmag\"]},{\"@type\":\"Person\",\"@id\":\"https:\/\/rawcyclingmag.com\/es\/#\/schema\/person\/9a9334e46cc1757dface39a245240ac2\",\"name\":\"Javi Angulo\",\"image\":{\"@type\":\"ImageObject\",\"inLanguage\":\"es\",\"@id\":\"https:\/\/rawcyclingmag.com\/es\/#\/schema\/person\/image\/\",\"url\":\"https:\/\/secure.gravatar.com\/avatar\/43ed55df3e74b6c072beb9233deb1a217e863d4c5f7f1b3e22ac72c861b226df?s=96&d=mm&r=g\",\"contentUrl\":\"https:\/\/secure.gravatar.com\/avatar\/43ed55df3e74b6c072beb9233deb1a217e863d4c5f7f1b3e22ac72c861b226df?s=96&d=mm&r=g\",\"caption\":\"Javi Angulo\"},\"description\":\"Javi es nuestro corresponsal en B\u00e9lgica, y trata de contrarrestar su obsesiva pasi\u00f3n por el an\u00e1lisis de datos con la relajante acci\u00f3n (o eso es lo que dice) de crear contenido para la revista. Javi is based in Belgium and tries to compensate for his obsessive passion for data analytics with the relaxing action (that's what he says) of creating content for the magazine.\",\"sameAs\":[\"https:\/\/www.instagram.com\/javiangulog\/\"],\"url\":\"https:\/\/rawcyclingmag.com\/es\/author\/javi\/\"}]}<\/script>\n<!-- \/ Yoast SEO Premium plugin. -->","yoast_head_json":{"title":"The Factor ELARA is the gravel bike everyone has been talking about - RAW Cycling Magazine","robots":{"index":"index","follow":"follow","max-snippet":"max-snippet:-1","max-image-preview":"max-image-preview:large","max-video-preview":"max-video-preview:-1"},"canonical":"https:\/\/rawcyclingmag.com\/es\/factor-elara\/","og_locale":"es_ES","og_type":"article","og_title":"The Factor ELARA is the gravel bike everyone has been talking about","og_description":"ADN de bicicleta de carretera, con espacio para neum\u00e1ticos de 57 mm La aerodin\u00e1mica ya no es un tab\u00fa en","og_url":"https:\/\/rawcyclingmag.com\/es\/factor-elara\/","og_site_name":"RAW Cycling Magazine","article_publisher":"http:\/\/facebook.com\/rawcyclingmag","article_published_time":"2026-09-04T08:00:00+00:00","og_image":[{"width":2000,"height":1333,"url":"https:\/\/rawcyclingmag.com\/wp-content\/uploads\/2026\/09\/ELARA-Virescent-Blue-Action-41-201b06.jpg","type":"image\/jpeg"}],"author":"Javi Angulo","twitter_card":"summary_large_image","twitter_creator":"@rawcyclingmag","twitter_site":"@rawcyclingmag","twitter_misc":{"Escrito por":"Javi Angulo","Tiempo de lectura":"5 minutos"},"schema":{"@context":"https:\/\/schema.org","@graph":[{"@type":"Article","@id":"https:\/\/rawcyclingmag.com\/es\/factor-elara\/#article","isPartOf":{"@id":"https:\/\/rawcyclingmag.com\/es\/factor-elara\/"},"author":{"name":"Javi Angulo","@id":"https:\/\/rawcyclingmag.com\/es\/#\/schema\/person\/9a9334e46cc1757dface39a245240ac2"},"headline":"The Factor ELARA is the gravel bike everyone has been talking about","datePublished":"2026-09-04T08:00:00+00:00","mainEntityOfPage":{"@id":"https:\/\/rawcyclingmag.com\/es\/factor-elara\/"},"wordCount":578,"commentCount":0,"publisher":{"@id":"https:\/\/rawcyclingmag.com\/es\/#organization"},"image":{"@id":"https:\/\/rawcyclingmag.com\/es\/factor-elara\/#primaryimage"},"thumbnailUrl":"https:\/\/rawcyclingmag.com\/wp-content\/uploads\/2026\/09\/ELARA-Virescent-Blue-Action-41-201b06.jpg","keywords":["gravel bike","factor"],"articleSection":["Noticias"],"inLanguage":"es","potentialAction":[{"@type":"CommentAction","name":"Comment","target":["https:\/\/rawcyclingmag.com\/es\/factor-elara\/#respond"]}]},{"@type":"WebPage","@id":"https:\/\/rawcyclingmag.com\/es\/factor-elara\/","url":"https:\/\/rawcyclingmag.com\/es\/factor-elara\/","name":"The Factor ELARA is the gravel bike everyone has been talking about - RAW Cycling Magazine","isPartOf":{"@id":"https:\/\/rawcyclingmag.com\/es\/#website"},"primaryImageOfPage":{"@id":"https:\/\/rawcyclingmag.com\/es\/factor-elara\/#primaryimage"},"image":{"@id":"https:\/\/rawcyclingmag.com\/es\/factor-elara\/#primaryimage"},"thumbnailUrl":"https:\/\/rawcyclingmag.com\/wp-content\/uploads\/2026\/09\/ELARA-Virescent-Blue-Action-41-201b06.jpg","datePublished":"2026-09-04T08:00:00+00:00","breadcrumb":{"@id":"https:\/\/rawcyclingmag.com\/es\/factor-elara\/#breadcrumb"},"inLanguage":"es","potentialAction":[{"@type":"ReadAction","target":["https:\/\/rawcyclingmag.com\/es\/factor-elara\/"]}]},{"@type":"ImageObject","inLanguage":"es","@id":"https:\/\/rawcyclingmag.com\/es\/factor-elara\/#primaryimage","url":"https:\/\/rawcyclingmag.com\/wp-content\/uploads\/2026\/09\/ELARA-Virescent-Blue-Action-41-201b06.jpg","contentUrl":"https:\/\/rawcyclingmag.com\/wp-content\/uploads\/2026\/09\/ELARA-Virescent-Blue-Action-41-201b06.jpg","width":2000,"height":1333},{"@type":"BreadcrumbList","@id":"https:\/\/rawcyclingmag.com\/es\/factor-elara\/#breadcrumb","itemListElement":[{"@type":"ListItem","position":1,"name":"Portada","item":"https:\/\/rawcyclingmag.com\/es\/"},{"@type":"ListItem","position":2,"name":"The Factor ELARA is the gravel bike everyone has been talking about"}]},{"@type":"WebSite","@id":"https:\/\/rawcyclingmag.com\/es\/#website","url":"https:\/\/rawcyclingmag.com\/es\/","name":"RAW Cycling Magazine","description":"","publisher":{"@id":"https:\/\/rawcyclingmag.com\/es\/#organization"},"potentialAction":[{"@type":"SearchAction","target":{"@type":"EntryPoint","urlTemplate":"https:\/\/rawcyclingmag.com\/es\/?s={search_term_string}"},"query-input":{"@type":"PropertyValueSpecification","valueRequired":true,"valueName":"search_term_string"}}],"inLanguage":"es"},{"@type":"Organization","@id":"https:\/\/rawcyclingmag.com\/es\/#organization","name":"RAW Cycling Magazine","url":"https:\/\/rawcyclingmag.com\/es\/","logo":{"@type":"ImageObject","inLanguage":"es","@id":"https:\/\/rawcyclingmag.com\/es\/#\/schema\/logo\/image\/","url":"https:\/\/rawcyclingmag.com\/wp-content\/uploads\/2018\/03\/RawMagazine.orange.medium.png","contentUrl":"https:\/\/rawcyclingmag.com\/wp-content\/uploads\/2018\/03\/RawMagazine.orange.medium.png","width":300,"height":140,"caption":"RAW Cycling Magazine"},"image":{"@id":"https:\/\/rawcyclingmag.com\/es\/#\/schema\/logo\/image\/"},"sameAs":["http:\/\/facebook.com\/rawcyclingmag","https:\/\/x.com\/rawcyclingmag","http:\/\/instagram.com\/rawcyclingmag"]},{"@type":"Person","@id":"https:\/\/rawcyclingmag.com\/es\/#\/schema\/person\/9a9334e46cc1757dface39a245240ac2","name":"Javi Angulo","image":{"@type":"ImageObject","inLanguage":"es","@id":"https:\/\/rawcyclingmag.com\/es\/#\/schema\/person\/image\/","url":"https:\/\/secure.gravatar.com\/avatar\/43ed55df3e74b6c072beb9233deb1a217e863d4c5f7f1b3e22ac72c861b226df?s=96&d=mm&r=g","contentUrl":"https:\/\/secure.gravatar.com\/avatar\/43ed55df3e74b6c072beb9233deb1a217e863d4c5f7f1b3e22ac72c861b226df?s=96&d=mm&r=g","caption":"Javi Angulo"},"description":"Javi es nuestro corresponsal en B\u00e9lgica, y trata de contrarrestar su obsesiva pasi\u00f3n por el an\u00e1lisis de datos con la relajante acci\u00f3n (o eso es lo que dice) de crear contenido para la revista. Javi is based in Belgium and tries to compensate for his obsessive passion for data analytics with the relaxing action (that's what he says) of creating content for the magazine.","sameAs":["https:\/\/www.instagram.com\/javiangulog\/"],"url":"https:\/\/rawcyclingmag.com\/es\/author\/javi\/"}]}},"_links":{"self":[{"href":"https:\/\/rawcyclingmag.com\/es\/wp-json\/wp\/v2\/posts\/52181","targetHints":{"allow":["GET"]}}],"collection":[{"href":"https:\/\/rawcyclingmag.com\/es\/wp-json\/wp\/v2\/posts"}],"about":[{"href":"https:\/\/rawcyclingmag.com\/es\/wp-json\/wp\/v2\/types\/post"}],"author":[{"embeddable":true,"href":"https:\/\/rawcyclingmag.com\/es\/wp-json\/wp\/v2\/users\/11"}],"replies":[{"embeddable":true,"href":"https:\/\/rawcyclingmag.com\/es\/wp-json\/wp\/v2\/comments?post=52181"}],"version-history":[{"count":1,"href":"https:\/\/rawcyclingmag.com\/es\/wp-json\/wp\/v2\/posts\/52181\/revisions"}],"predecessor-version":[{"id":52182,"href":"https:\/\/rawcyclingmag.com\/es\/wp-json\/wp\/v2\/posts\/52181\/revisions\/52182"}],"wp:featuredmedia":[{"embeddable":true,"href":"https:\/\/rawcyclingmag.com\/es\/wp-json\/wp\/v2\/media\/52171"}],"wp:attachment":[{"href":"https:\/\/rawcyclingmag.com\/es\/wp-json\/wp\/v2\/media?parent=52181"}],"wp:term":[{"taxonomy":"category","embeddable":true,"href":"https:\/\/rawcyclingmag.com\/es\/wp-json\/wp\/v2\/categories?post=52181"},{"taxonomy":"post_tag","embeddable":true,"href":"https:\/\/rawcyclingmag.com\/es\/wp-json\/wp\/v2\/tags?post=52181"}],"curies":[{"name":"wp","href":"https:\/\/api.w.org\/{rel}","templated":true}]}}