{"id":37191,"date":"2023-06-12T17:42:17","date_gmt":"2023-06-12T15:42:17","guid":{"rendered":"https:\/\/raw.ecoolabs.com\/smugglers-path-el-campamento-gravel-de-referencia-en-flandes\/"},"modified":"2023-06-12T17:42:17","modified_gmt":"2023-06-12T15:42:17","slug":"smugglers-path-el-campamento-gravel-de-referencia-en-flandes","status":"publish","type":"post","link":"https:\/\/rawcyclingmag.com\/es\/smugglers-path-el-campamento-gravel-de-referencia-en-flandes\/","title":{"rendered":"Smugglers&#8217; Path: El campamento gravel de referencia en Flandes"},"content":{"rendered":"<p>A medida que las temperaturas siguen subiendo, todo tipo de eventos al aire libre ocupan nuestros calendarios. De la misma manera que mucha gente espera con ansias ese festival de verano al que acude cada a\u00f1o, los aficionados al gravel de B\u00e9lgica y pa\u00edses vecinos tienen los d\u00edas de <a href=\"https:\/\/smugglers.be\/\" target=\"_blank\" rel=\"noopener\">Smugglers\u2019 Paths<\/a> marcados en su agenda.<\/p>\n\n\t\t<style type=\"text\/css\">\n\t\t\t#gallery-1 {\n\t\t\t\tmargin: auto;\n\t\t\t}\n\t\t\t#gallery-1 .gallery-item {\n\t\t\t\tfloat: left;\n\t\t\t\tmargin-top: 10px;\n\t\t\t\ttext-align: center;\n\t\t\t\twidth: 50%;\n\t\t\t}\n\t\t\t#gallery-1 img {\n\t\t\t\tborder: 2px solid #cfcfcf;\n\t\t\t}\n\t\t\t#gallery-1 .gallery-caption {\n\t\t\t\tmargin-left: 0;\n\t\t\t}\n\t\t\t\/* see gallery_shortcode() in wp-includes\/media.php *\/\n\t\t<\/style>\n\t\t<div id='gallery-1' class='gallery galleryid-37191 gallery-columns-2 gallery-size-full'><dl class='gallery-item'>\n\t\t\t<dt class='gallery-icon landscape'>\n\t\t\t\t<a href='https:\/\/rawcyclingmag.com\/wp-content\/uploads\/2023\/06\/Smugglers_2023_by_Sam_Cornette-34_websize.jpg'><img decoding=\"async\" width=\"1600\" height=\"1067\" src=\"https:\/\/rawcyclingmag.com\/wp-content\/uploads\/2023\/06\/Smugglers_2023_by_Sam_Cornette-34_websize.jpg\" class=\"attachment-full size-full\" alt=\"\" srcset=\"https:\/\/rawcyclingmag.com\/wp-content\/uploads\/2023\/06\/Smugglers_2023_by_Sam_Cornette-34_websize.jpg 1600w, https:\/\/rawcyclingmag.com\/wp-content\/uploads\/2023\/06\/Smugglers_2023_by_Sam_Cornette-34_websize-300x200.jpg 300w, https:\/\/rawcyclingmag.com\/wp-content\/uploads\/2023\/06\/Smugglers_2023_by_Sam_Cornette-34_websize-768x512.jpg 768w, https:\/\/rawcyclingmag.com\/wp-content\/uploads\/2023\/06\/Smugglers_2023_by_Sam_Cornette-34_websize-1536x1024.jpg 1536w, https:\/\/rawcyclingmag.com\/wp-content\/uploads\/2023\/06\/Smugglers_2023_by_Sam_Cornette-34_websize-272x182.jpg 272w\" sizes=\"(max-width: 1600px) 100vw, 1600px\" \/><\/a>\n\t\t\t<\/dt><\/dl><dl class='gallery-item'>\n\t\t\t<dt class='gallery-icon landscape'>\n\t\t\t\t<a href='https:\/\/rawcyclingmag.com\/wp-content\/uploads\/2023\/06\/Smugglers_2023_by_Sam_Cornette-10_websize.jpg'><img decoding=\"async\" width=\"1600\" height=\"1067\" src=\"https:\/\/rawcyclingmag.com\/wp-content\/uploads\/2023\/06\/Smugglers_2023_by_Sam_Cornette-10_websize.jpg\" class=\"attachment-full size-full\" alt=\"\" srcset=\"https:\/\/rawcyclingmag.com\/wp-content\/uploads\/2023\/06\/Smugglers_2023_by_Sam_Cornette-10_websize.jpg 1600w, https:\/\/rawcyclingmag.com\/wp-content\/uploads\/2023\/06\/Smugglers_2023_by_Sam_Cornette-10_websize-300x200.jpg 300w, https:\/\/rawcyclingmag.com\/wp-content\/uploads\/2023\/06\/Smugglers_2023_by_Sam_Cornette-10_websize-768x512.jpg 768w, https:\/\/rawcyclingmag.com\/wp-content\/uploads\/2023\/06\/Smugglers_2023_by_Sam_Cornette-10_websize-1536x1024.jpg 1536w, https:\/\/rawcyclingmag.com\/wp-content\/uploads\/2023\/06\/Smugglers_2023_by_Sam_Cornette-10_websize-272x182.jpg 272w\" sizes=\"(max-width: 1600px) 100vw, 1600px\" \/><\/a>\n\t\t\t<\/dt><\/dl><br style=\"clear: both\" \/>\n\t\t<\/div>\n\n<p>El evento agot\u00f3 inscripciones en solo una semana, y los 500 afortunados, incluidos nosotros, pudimos disfrutar de un fin de semana perfecto de gravel y ambiente de acampada en Limburgo. M\u00e1s de la mitad de los participantes de 2023 hab\u00eda asistido a alguna de las tres ediciones anteriores de Smugglers&#8217; Path, lo que demuestra la buena impresi\u00f3n que deja el evento en todos los asistentes. Muchos de ellos ten\u00edan enganchinas del evento en sus cascos y portaban con orgullo todas las posibles piezas de merchandising que los organizadores han dise\u00f1ado en este tiempo.<\/p>\n<p>Alrededor de un tercio de las inscripciones eran para todo el fin de semana, que inclu\u00eda adem\u00e1s dos noches de campamento y comidas copiosas. Dado que el campamento estaba ubicado en Hamont-Achel, a escasos kil\u00f3metros de la frontera con los Pa\u00edses Bajos, la proporci\u00f3n de participantes provenientes de pa\u00edses vecinos fue bastante alta. Tambi\u00e9n conocimos gente de lugares m\u00e1s lejanos como Reino Unido e Italia.<\/p>\n\n\t\t<style type=\"text\/css\">\n\t\t\t#gallery-2 {\n\t\t\t\tmargin: auto;\n\t\t\t}\n\t\t\t#gallery-2 .gallery-item {\n\t\t\t\tfloat: left;\n\t\t\t\tmargin-top: 10px;\n\t\t\t\ttext-align: center;\n\t\t\t\twidth: 33%;\n\t\t\t}\n\t\t\t#gallery-2 img {\n\t\t\t\tborder: 2px solid #cfcfcf;\n\t\t\t}\n\t\t\t#gallery-2 .gallery-caption {\n\t\t\t\tmargin-left: 0;\n\t\t\t}\n\t\t\t\/* see gallery_shortcode() in wp-includes\/media.php *\/\n\t\t<\/style>\n\t\t<div id='gallery-2' class='gallery galleryid-37191 gallery-columns-3 gallery-size-full'><dl class='gallery-item'>\n\t\t\t<dt class='gallery-icon landscape'>\n\t\t\t\t<a href='https:\/\/rawcyclingmag.com\/wp-content\/uploads\/2023\/06\/Smugglers_2023_by_Sam_Cornette-23_websize.jpg'><img decoding=\"async\" width=\"1600\" height=\"1067\" src=\"https:\/\/rawcyclingmag.com\/wp-content\/uploads\/2023\/06\/Smugglers_2023_by_Sam_Cornette-23_websize.jpg\" class=\"attachment-full size-full\" alt=\"\" srcset=\"https:\/\/rawcyclingmag.com\/wp-content\/uploads\/2023\/06\/Smugglers_2023_by_Sam_Cornette-23_websize.jpg 1600w, https:\/\/rawcyclingmag.com\/wp-content\/uploads\/2023\/06\/Smugglers_2023_by_Sam_Cornette-23_websize-300x200.jpg 300w, https:\/\/rawcyclingmag.com\/wp-content\/uploads\/2023\/06\/Smugglers_2023_by_Sam_Cornette-23_websize-768x512.jpg 768w, https:\/\/rawcyclingmag.com\/wp-content\/uploads\/2023\/06\/Smugglers_2023_by_Sam_Cornette-23_websize-1536x1024.jpg 1536w, https:\/\/rawcyclingmag.com\/wp-content\/uploads\/2023\/06\/Smugglers_2023_by_Sam_Cornette-23_websize-272x182.jpg 272w\" sizes=\"(max-width: 1600px) 100vw, 1600px\" \/><\/a>\n\t\t\t<\/dt><\/dl><dl class='gallery-item'>\n\t\t\t<dt class='gallery-icon landscape'>\n\t\t\t\t<a href='https:\/\/rawcyclingmag.com\/wp-content\/uploads\/2023\/06\/Smugglers_2023_by_Sam_Cornette-30_websize.jpg'><img decoding=\"async\" width=\"1600\" height=\"1067\" src=\"https:\/\/rawcyclingmag.com\/wp-content\/uploads\/2023\/06\/Smugglers_2023_by_Sam_Cornette-30_websize.jpg\" class=\"attachment-full size-full\" alt=\"\" srcset=\"https:\/\/rawcyclingmag.com\/wp-content\/uploads\/2023\/06\/Smugglers_2023_by_Sam_Cornette-30_websize.jpg 1600w, https:\/\/rawcyclingmag.com\/wp-content\/uploads\/2023\/06\/Smugglers_2023_by_Sam_Cornette-30_websize-300x200.jpg 300w, https:\/\/rawcyclingmag.com\/wp-content\/uploads\/2023\/06\/Smugglers_2023_by_Sam_Cornette-30_websize-768x512.jpg 768w, https:\/\/rawcyclingmag.com\/wp-content\/uploads\/2023\/06\/Smugglers_2023_by_Sam_Cornette-30_websize-1536x1024.jpg 1536w, https:\/\/rawcyclingmag.com\/wp-content\/uploads\/2023\/06\/Smugglers_2023_by_Sam_Cornette-30_websize-272x182.jpg 272w\" sizes=\"(max-width: 1600px) 100vw, 1600px\" \/><\/a>\n\t\t\t<\/dt><\/dl><dl class='gallery-item'>\n\t\t\t<dt class='gallery-icon landscape'>\n\t\t\t\t<a href='https:\/\/rawcyclingmag.com\/wp-content\/uploads\/2023\/06\/Smugglers_2023_by_Sam_Cornette-19_websize.jpg'><img decoding=\"async\" width=\"1600\" height=\"1067\" src=\"https:\/\/rawcyclingmag.com\/wp-content\/uploads\/2023\/06\/Smugglers_2023_by_Sam_Cornette-19_websize.jpg\" class=\"attachment-full size-full\" alt=\"\" srcset=\"https:\/\/rawcyclingmag.com\/wp-content\/uploads\/2023\/06\/Smugglers_2023_by_Sam_Cornette-19_websize.jpg 1600w, https:\/\/rawcyclingmag.com\/wp-content\/uploads\/2023\/06\/Smugglers_2023_by_Sam_Cornette-19_websize-300x200.jpg 300w, https:\/\/rawcyclingmag.com\/wp-content\/uploads\/2023\/06\/Smugglers_2023_by_Sam_Cornette-19_websize-768x512.jpg 768w, https:\/\/rawcyclingmag.com\/wp-content\/uploads\/2023\/06\/Smugglers_2023_by_Sam_Cornette-19_websize-1536x1024.jpg 1536w, https:\/\/rawcyclingmag.com\/wp-content\/uploads\/2023\/06\/Smugglers_2023_by_Sam_Cornette-19_websize-272x182.jpg 272w\" sizes=\"(max-width: 1600px) 100vw, 1600px\" \/><\/a>\n\t\t\t<\/dt><\/dl><br style=\"clear: both\" \/>\n\t\t<\/div>\n\n<p>El campamento abri\u00f3 sus puertas el viernes 26 de mayo a las 13:30. No pas\u00f3 mucho tiempo hasta que multitud de campers y gente con sus tiendas de campa\u00f1a llenaron el lugar, y adem\u00e1s de las bonitas bicis que vimos por el lugar, parec\u00eda que hab\u00eda un concurso de qui\u00e9n ten\u00eda el mejor lugar para dormir. \u00a1Hab\u00eda tiendas de campa\u00f1a en las que cab\u00eda toda una familia!<\/p>\n<p>Nosotros nos desplazamos en bicicleta desde casa hasta el lugar de inicio, lo que nos oblig\u00f3 a minimizar el peso que carg\u00e1bamos. No obstante, siguiendo los consejos de aquellos con los que hablamos el primer d\u00eda, logramos aprovechar al m\u00e1ximo nuestro saco de dormir y pudimos pasar una buena noche. Cuando llegamos ya hab\u00eda una barbacoa en el lugar, por lo que inmediatamente nos unimos al resto de los participantes en la mesa.<\/p>\n<p>Los que llenaron sus barrigas primero comenzaron a reunirse alrededor de la fogata, y pronto muchas personas tendr\u00edan una cerveza en la mano. El dilema era o desfasar esa noche y sufrir las consecuencias durante los 160 km del d\u00eda siguiente, o ahorrar la mayor cantidad de energ\u00eda posible y darlo toda la noche siguiente con las energ\u00edas residuales que quedaran.<\/p>\n\n\t\t<style type=\"text\/css\">\n\t\t\t#gallery-3 {\n\t\t\t\tmargin: auto;\n\t\t\t}\n\t\t\t#gallery-3 .gallery-item {\n\t\t\t\tfloat: left;\n\t\t\t\tmargin-top: 10px;\n\t\t\t\ttext-align: center;\n\t\t\t\twidth: 100%;\n\t\t\t}\n\t\t\t#gallery-3 img {\n\t\t\t\tborder: 2px solid #cfcfcf;\n\t\t\t}\n\t\t\t#gallery-3 .gallery-caption {\n\t\t\t\tmargin-left: 0;\n\t\t\t}\n\t\t\t\/* see gallery_shortcode() in wp-includes\/media.php *\/\n\t\t<\/style>\n\t\t<div id='gallery-3' class='gallery galleryid-37191 gallery-columns-1 gallery-size-full'><dl class='gallery-item'>\n\t\t\t<dt class='gallery-icon landscape'>\n\t\t\t\t<a href='https:\/\/rawcyclingmag.com\/wp-content\/uploads\/2023\/06\/Smugglers_2023_by_Sam_Cornette-44_websize.jpg'><img decoding=\"async\" width=\"1600\" height=\"1067\" src=\"https:\/\/rawcyclingmag.com\/wp-content\/uploads\/2023\/06\/Smugglers_2023_by_Sam_Cornette-44_websize.jpg\" class=\"attachment-full size-full\" alt=\"\" srcset=\"https:\/\/rawcyclingmag.com\/wp-content\/uploads\/2023\/06\/Smugglers_2023_by_Sam_Cornette-44_websize.jpg 1600w, https:\/\/rawcyclingmag.com\/wp-content\/uploads\/2023\/06\/Smugglers_2023_by_Sam_Cornette-44_websize-300x200.jpg 300w, https:\/\/rawcyclingmag.com\/wp-content\/uploads\/2023\/06\/Smugglers_2023_by_Sam_Cornette-44_websize-768x512.jpg 768w, https:\/\/rawcyclingmag.com\/wp-content\/uploads\/2023\/06\/Smugglers_2023_by_Sam_Cornette-44_websize-1536x1024.jpg 1536w, https:\/\/rawcyclingmag.com\/wp-content\/uploads\/2023\/06\/Smugglers_2023_by_Sam_Cornette-44_websize-272x182.jpg 272w\" sizes=\"(max-width: 1600px) 100vw, 1600px\" \/><\/a>\n\t\t\t<\/dt><\/dl><br style=\"clear: both\" \/>\n\t\t<\/div>\n\n<p>Mientras desayunabamos al d\u00eda siguiente, llegaron al recinto los participantes con la inscripci\u00f3n de un solo d\u00eda. A primera vista, ya era f\u00e1cil distinguir a los que ven\u00edan solo para la ruta del s\u00e1bado de los que se quedaban todo el fin de semana. Con su apariencia y una edad promedio m\u00e1s baja, parec\u00edan estar m\u00e1s enfocados en la carrera, pero pronto nos dimos cuenta de que ninguno de ellos estaba ah\u00ed para competir. Todos ten\u00edamos muchas ganas de afrontar la ruta y pasarlo en grande.<\/p>\n\n\t\t<style type=\"text\/css\">\n\t\t\t#gallery-4 {\n\t\t\t\tmargin: auto;\n\t\t\t}\n\t\t\t#gallery-4 .gallery-item {\n\t\t\t\tfloat: left;\n\t\t\t\tmargin-top: 10px;\n\t\t\t\ttext-align: center;\n\t\t\t\twidth: 50%;\n\t\t\t}\n\t\t\t#gallery-4 img {\n\t\t\t\tborder: 2px solid #cfcfcf;\n\t\t\t}\n\t\t\t#gallery-4 .gallery-caption {\n\t\t\t\tmargin-left: 0;\n\t\t\t}\n\t\t\t\/* see gallery_shortcode() in wp-includes\/media.php *\/\n\t\t<\/style>\n\t\t<div id='gallery-4' class='gallery galleryid-37191 gallery-columns-2 gallery-size-full'><dl class='gallery-item'>\n\t\t\t<dt class='gallery-icon landscape'>\n\t\t\t\t<a href='https:\/\/rawcyclingmag.com\/wp-content\/uploads\/2023\/06\/Smugglers_2023_by_Sam_Cornette-50_websize.jpg'><img decoding=\"async\" width=\"1600\" height=\"1067\" src=\"https:\/\/rawcyclingmag.com\/wp-content\/uploads\/2023\/06\/Smugglers_2023_by_Sam_Cornette-50_websize.jpg\" class=\"attachment-full size-full\" alt=\"\" srcset=\"https:\/\/rawcyclingmag.com\/wp-content\/uploads\/2023\/06\/Smugglers_2023_by_Sam_Cornette-50_websize.jpg 1600w, https:\/\/rawcyclingmag.com\/wp-content\/uploads\/2023\/06\/Smugglers_2023_by_Sam_Cornette-50_websize-300x200.jpg 300w, https:\/\/rawcyclingmag.com\/wp-content\/uploads\/2023\/06\/Smugglers_2023_by_Sam_Cornette-50_websize-768x512.jpg 768w, https:\/\/rawcyclingmag.com\/wp-content\/uploads\/2023\/06\/Smugglers_2023_by_Sam_Cornette-50_websize-1536x1024.jpg 1536w, https:\/\/rawcyclingmag.com\/wp-content\/uploads\/2023\/06\/Smugglers_2023_by_Sam_Cornette-50_websize-272x182.jpg 272w\" sizes=\"(max-width: 1600px) 100vw, 1600px\" \/><\/a>\n\t\t\t<\/dt><\/dl><dl class='gallery-item'>\n\t\t\t<dt class='gallery-icon landscape'>\n\t\t\t\t<a href='https:\/\/rawcyclingmag.com\/wp-content\/uploads\/2023\/06\/Smugglers_2023_by_Sam_Cornette-56_websize.jpg'><img decoding=\"async\" width=\"1600\" height=\"1067\" src=\"https:\/\/rawcyclingmag.com\/wp-content\/uploads\/2023\/06\/Smugglers_2023_by_Sam_Cornette-56_websize.jpg\" class=\"attachment-full size-full\" alt=\"\" srcset=\"https:\/\/rawcyclingmag.com\/wp-content\/uploads\/2023\/06\/Smugglers_2023_by_Sam_Cornette-56_websize.jpg 1600w, https:\/\/rawcyclingmag.com\/wp-content\/uploads\/2023\/06\/Smugglers_2023_by_Sam_Cornette-56_websize-300x200.jpg 300w, https:\/\/rawcyclingmag.com\/wp-content\/uploads\/2023\/06\/Smugglers_2023_by_Sam_Cornette-56_websize-768x512.jpg 768w, https:\/\/rawcyclingmag.com\/wp-content\/uploads\/2023\/06\/Smugglers_2023_by_Sam_Cornette-56_websize-1536x1024.jpg 1536w, https:\/\/rawcyclingmag.com\/wp-content\/uploads\/2023\/06\/Smugglers_2023_by_Sam_Cornette-56_websize-272x182.jpg 272w\" sizes=\"(max-width: 1600px) 100vw, 1600px\" \/><\/a>\n\t\t\t<\/dt><\/dl><br style=\"clear: both\" \/><dl class='gallery-item'>\n\t\t\t<dt class='gallery-icon landscape'>\n\t\t\t\t<a href='https:\/\/rawcyclingmag.com\/wp-content\/uploads\/2023\/06\/Smugglers_2023_by_Sam_Cornette-58_websize.jpg'><img decoding=\"async\" width=\"1600\" height=\"1067\" src=\"https:\/\/rawcyclingmag.com\/wp-content\/uploads\/2023\/06\/Smugglers_2023_by_Sam_Cornette-58_websize.jpg\" class=\"attachment-full size-full\" alt=\"\" srcset=\"https:\/\/rawcyclingmag.com\/wp-content\/uploads\/2023\/06\/Smugglers_2023_by_Sam_Cornette-58_websize.jpg 1600w, https:\/\/rawcyclingmag.com\/wp-content\/uploads\/2023\/06\/Smugglers_2023_by_Sam_Cornette-58_websize-300x200.jpg 300w, https:\/\/rawcyclingmag.com\/wp-content\/uploads\/2023\/06\/Smugglers_2023_by_Sam_Cornette-58_websize-768x512.jpg 768w, https:\/\/rawcyclingmag.com\/wp-content\/uploads\/2023\/06\/Smugglers_2023_by_Sam_Cornette-58_websize-1536x1024.jpg 1536w, https:\/\/rawcyclingmag.com\/wp-content\/uploads\/2023\/06\/Smugglers_2023_by_Sam_Cornette-58_websize-272x182.jpg 272w\" sizes=\"(max-width: 1600px) 100vw, 1600px\" \/><\/a>\n\t\t\t<\/dt><\/dl><dl class='gallery-item'>\n\t\t\t<dt class='gallery-icon landscape'>\n\t\t\t\t<a href='https:\/\/rawcyclingmag.com\/wp-content\/uploads\/2023\/06\/Smugglers_2023_by_Sam_Cornette-71_websize.jpg'><img decoding=\"async\" width=\"1600\" height=\"1067\" src=\"https:\/\/rawcyclingmag.com\/wp-content\/uploads\/2023\/06\/Smugglers_2023_by_Sam_Cornette-71_websize.jpg\" class=\"attachment-full size-full\" alt=\"\" srcset=\"https:\/\/rawcyclingmag.com\/wp-content\/uploads\/2023\/06\/Smugglers_2023_by_Sam_Cornette-71_websize.jpg 1600w, https:\/\/rawcyclingmag.com\/wp-content\/uploads\/2023\/06\/Smugglers_2023_by_Sam_Cornette-71_websize-300x200.jpg 300w, https:\/\/rawcyclingmag.com\/wp-content\/uploads\/2023\/06\/Smugglers_2023_by_Sam_Cornette-71_websize-768x512.jpg 768w, https:\/\/rawcyclingmag.com\/wp-content\/uploads\/2023\/06\/Smugglers_2023_by_Sam_Cornette-71_websize-1536x1024.jpg 1536w, https:\/\/rawcyclingmag.com\/wp-content\/uploads\/2023\/06\/Smugglers_2023_by_Sam_Cornette-71_websize-272x182.jpg 272w\" sizes=\"(max-width: 1600px) 100vw, 1600px\" \/><\/a>\n\t\t\t<\/dt><\/dl><br style=\"clear: both\" \/>\n\t\t<\/div>\n\n<p>El recorrido ha sido m\u00e1s o menos la misma a lo largo de las cuatro ediciones, pero est\u00e1 construido de forma modular. Esto permite a los organizadores cambiar el orden y la direcci\u00f3n de los bucles dentro de la ruta general, haciendo que cada a\u00f1o sea ligeramente diferente a los anteriores.<\/p>\n\n\t\t<style type=\"text\/css\">\n\t\t\t#gallery-5 {\n\t\t\t\tmargin: auto;\n\t\t\t}\n\t\t\t#gallery-5 .gallery-item {\n\t\t\t\tfloat: left;\n\t\t\t\tmargin-top: 10px;\n\t\t\t\ttext-align: center;\n\t\t\t\twidth: 100%;\n\t\t\t}\n\t\t\t#gallery-5 img {\n\t\t\t\tborder: 2px solid #cfcfcf;\n\t\t\t}\n\t\t\t#gallery-5 .gallery-caption {\n\t\t\t\tmargin-left: 0;\n\t\t\t}\n\t\t\t\/* see gallery_shortcode() in wp-includes\/media.php *\/\n\t\t<\/style>\n\t\t<div id='gallery-5' class='gallery galleryid-37191 gallery-columns-1 gallery-size-full'><dl class='gallery-item'>\n\t\t\t<dt class='gallery-icon landscape'>\n\t\t\t\t<a href='https:\/\/rawcyclingmag.com\/wp-content\/uploads\/2023\/06\/Smugglers_2023_by_Sam_Cornette-397_websize.jpg'><img decoding=\"async\" width=\"1600\" height=\"900\" src=\"https:\/\/rawcyclingmag.com\/wp-content\/uploads\/2023\/06\/Smugglers_2023_by_Sam_Cornette-397_websize.jpg\" class=\"attachment-full size-full\" alt=\"\" srcset=\"https:\/\/rawcyclingmag.com\/wp-content\/uploads\/2023\/06\/Smugglers_2023_by_Sam_Cornette-397_websize.jpg 1600w, https:\/\/rawcyclingmag.com\/wp-content\/uploads\/2023\/06\/Smugglers_2023_by_Sam_Cornette-397_websize-300x169.jpg 300w, https:\/\/rawcyclingmag.com\/wp-content\/uploads\/2023\/06\/Smugglers_2023_by_Sam_Cornette-397_websize-768x432.jpg 768w, https:\/\/rawcyclingmag.com\/wp-content\/uploads\/2023\/06\/Smugglers_2023_by_Sam_Cornette-397_websize-1536x864.jpg 1536w\" sizes=\"(max-width: 1600px) 100vw, 1600px\" \/><\/a>\n\t\t\t<\/dt><\/dl><br style=\"clear: both\" \/><dl class='gallery-item'>\n\t\t\t<dt class='gallery-icon landscape'>\n\t\t\t\t<a href='https:\/\/rawcyclingmag.com\/wp-content\/uploads\/2023\/06\/Smugglers_2023_by_Sam_Cornette-401_websize.jpg'><img decoding=\"async\" width=\"1600\" height=\"900\" src=\"https:\/\/rawcyclingmag.com\/wp-content\/uploads\/2023\/06\/Smugglers_2023_by_Sam_Cornette-401_websize.jpg\" class=\"attachment-full size-full\" alt=\"\" srcset=\"https:\/\/rawcyclingmag.com\/wp-content\/uploads\/2023\/06\/Smugglers_2023_by_Sam_Cornette-401_websize.jpg 1600w, https:\/\/rawcyclingmag.com\/wp-content\/uploads\/2023\/06\/Smugglers_2023_by_Sam_Cornette-401_websize-300x169.jpg 300w, https:\/\/rawcyclingmag.com\/wp-content\/uploads\/2023\/06\/Smugglers_2023_by_Sam_Cornette-401_websize-768x432.jpg 768w, https:\/\/rawcyclingmag.com\/wp-content\/uploads\/2023\/06\/Smugglers_2023_by_Sam_Cornette-401_websize-1536x864.jpg 1536w\" sizes=\"(max-width: 1600px) 100vw, 1600px\" \/><\/a>\n\t\t\t<\/dt><\/dl><br style=\"clear: both\" \/>\n\t\t<\/div>\n\n<p>El terreno era 90% off-road, y dentro de ese porcentaje no solo hab\u00eda gravel pura sino tambi\u00e9n superficies m\u00e1s accidentadas, como descensos con ra\u00edces y tramos de arena, lo que lo hac\u00eda entretenido y desafiante al mismo tiempo.<\/p>\n<p>Siempre hemos pensado que una bicicleta de monta\u00f1a no es realmente \u00fatil <a href=\"https:\/\/rawcyclingmag.com\/places-to-ride-flemish-brabant\/\" target=\"_blank\" rel=\"noopener\">en la parte flamenca de B\u00e9lgica<\/a> debido a la falta de monta\u00f1as. Sin embargo, dada la cantidad de caminos sin pavimentar bien conservados en toda la regi\u00f3n, una bicicleta gravel es muy conveniente. Con la ruta de Smugglers\u2019 Path, pudimos probar de todo.<\/p>\n\n\t\t<style type=\"text\/css\">\n\t\t\t#gallery-6 {\n\t\t\t\tmargin: auto;\n\t\t\t}\n\t\t\t#gallery-6 .gallery-item {\n\t\t\t\tfloat: left;\n\t\t\t\tmargin-top: 10px;\n\t\t\t\ttext-align: center;\n\t\t\t\twidth: 50%;\n\t\t\t}\n\t\t\t#gallery-6 img {\n\t\t\t\tborder: 2px solid #cfcfcf;\n\t\t\t}\n\t\t\t#gallery-6 .gallery-caption {\n\t\t\t\tmargin-left: 0;\n\t\t\t}\n\t\t\t\/* see gallery_shortcode() in wp-includes\/media.php *\/\n\t\t<\/style>\n\t\t<div id='gallery-6' class='gallery galleryid-37191 gallery-columns-2 gallery-size-full'><dl class='gallery-item'>\n\t\t\t<dt class='gallery-icon landscape'>\n\t\t\t\t<a href='https:\/\/rawcyclingmag.com\/wp-content\/uploads\/2023\/06\/Smugglers_2023_by_Sam_Cornette-422_websize.jpg'><img decoding=\"async\" width=\"1600\" height=\"1067\" src=\"https:\/\/rawcyclingmag.com\/wp-content\/uploads\/2023\/06\/Smugglers_2023_by_Sam_Cornette-422_websize.jpg\" class=\"attachment-full size-full\" alt=\"\" srcset=\"https:\/\/rawcyclingmag.com\/wp-content\/uploads\/2023\/06\/Smugglers_2023_by_Sam_Cornette-422_websize.jpg 1600w, https:\/\/rawcyclingmag.com\/wp-content\/uploads\/2023\/06\/Smugglers_2023_by_Sam_Cornette-422_websize-300x200.jpg 300w, https:\/\/rawcyclingmag.com\/wp-content\/uploads\/2023\/06\/Smugglers_2023_by_Sam_Cornette-422_websize-768x512.jpg 768w, https:\/\/rawcyclingmag.com\/wp-content\/uploads\/2023\/06\/Smugglers_2023_by_Sam_Cornette-422_websize-1536x1024.jpg 1536w, https:\/\/rawcyclingmag.com\/wp-content\/uploads\/2023\/06\/Smugglers_2023_by_Sam_Cornette-422_websize-272x182.jpg 272w\" sizes=\"(max-width: 1600px) 100vw, 1600px\" \/><\/a>\n\t\t\t<\/dt><\/dl><dl class='gallery-item'>\n\t\t\t<dt class='gallery-icon landscape'>\n\t\t\t\t<a href='https:\/\/rawcyclingmag.com\/wp-content\/uploads\/2023\/06\/Smugglers_2023_by_Sam_Cornette-551_websize.jpg'><img decoding=\"async\" width=\"1600\" height=\"1067\" src=\"https:\/\/rawcyclingmag.com\/wp-content\/uploads\/2023\/06\/Smugglers_2023_by_Sam_Cornette-551_websize.jpg\" class=\"attachment-full size-full\" alt=\"\" srcset=\"https:\/\/rawcyclingmag.com\/wp-content\/uploads\/2023\/06\/Smugglers_2023_by_Sam_Cornette-551_websize.jpg 1600w, https:\/\/rawcyclingmag.com\/wp-content\/uploads\/2023\/06\/Smugglers_2023_by_Sam_Cornette-551_websize-300x200.jpg 300w, https:\/\/rawcyclingmag.com\/wp-content\/uploads\/2023\/06\/Smugglers_2023_by_Sam_Cornette-551_websize-768x512.jpg 768w, https:\/\/rawcyclingmag.com\/wp-content\/uploads\/2023\/06\/Smugglers_2023_by_Sam_Cornette-551_websize-1536x1024.jpg 1536w, https:\/\/rawcyclingmag.com\/wp-content\/uploads\/2023\/06\/Smugglers_2023_by_Sam_Cornette-551_websize-272x182.jpg 272w\" sizes=\"(max-width: 1600px) 100vw, 1600px\" \/><\/a>\n\t\t\t<\/dt><\/dl><br style=\"clear: both\" \/>\n\t\t<\/div>\n\n<p>Una gran parte del total de kil\u00f3metros fue alrededor de Wouterbos, en la regi\u00f3n flamenca conocida como Kempen. Varias subidas y bajadas por el bosque nos mantuvieron ocupados durante un rato, resguard\u00e1ndonos del sol abrasador.<\/p>\n<p>La estaci\u00f3n de alimentaci\u00f3n estaba en Opitter, donde se encuentra la cervecer\u00eda Cornelissen. Los que hac\u00edan el recorrido largo pasaban dos veces, por lo que hab\u00eda un flujo constante de ciclistas recargando pilas y compartiendo las aventuras vividas hasta entonces. La boller\u00eda y fruta estaban al lado de los tiradores, por lo que pedir una cerveza en su lugar.<\/p>\n\n\t\t<style type=\"text\/css\">\n\t\t\t#gallery-7 {\n\t\t\t\tmargin: auto;\n\t\t\t}\n\t\t\t#gallery-7 .gallery-item {\n\t\t\t\tfloat: left;\n\t\t\t\tmargin-top: 10px;\n\t\t\t\ttext-align: center;\n\t\t\t\twidth: 100%;\n\t\t\t}\n\t\t\t#gallery-7 img {\n\t\t\t\tborder: 2px solid #cfcfcf;\n\t\t\t}\n\t\t\t#gallery-7 .gallery-caption {\n\t\t\t\tmargin-left: 0;\n\t\t\t}\n\t\t\t\/* see gallery_shortcode() in wp-includes\/media.php *\/\n\t\t<\/style>\n\t\t<div id='gallery-7' class='gallery galleryid-37191 gallery-columns-1 gallery-size-full'><dl class='gallery-item'>\n\t\t\t<dt class='gallery-icon portrait'>\n\t\t\t\t<a href='https:\/\/rawcyclingmag.com\/wp-content\/uploads\/2023\/06\/Smugglers_2023_by_Sam_Cornette-319_websize.jpg'><img decoding=\"async\" width=\"1067\" height=\"1600\" src=\"https:\/\/rawcyclingmag.com\/wp-content\/uploads\/2023\/06\/Smugglers_2023_by_Sam_Cornette-319_websize.jpg\" class=\"attachment-full size-full\" alt=\"\" srcset=\"https:\/\/rawcyclingmag.com\/wp-content\/uploads\/2023\/06\/Smugglers_2023_by_Sam_Cornette-319_websize.jpg 1067w, https:\/\/rawcyclingmag.com\/wp-content\/uploads\/2023\/06\/Smugglers_2023_by_Sam_Cornette-319_websize-200x300.jpg 200w, https:\/\/rawcyclingmag.com\/wp-content\/uploads\/2023\/06\/Smugglers_2023_by_Sam_Cornette-319_websize-768x1152.jpg 768w, https:\/\/rawcyclingmag.com\/wp-content\/uploads\/2023\/06\/Smugglers_2023_by_Sam_Cornette-319_websize-1024x1536.jpg 1024w\" sizes=\"(max-width: 1067px) 100vw, 1067px\" \/><\/a>\n\t\t\t<\/dt><\/dl><br style=\"clear: both\" \/><dl class='gallery-item'>\n\t\t\t<dt class='gallery-icon landscape'>\n\t\t\t\t<a href='https:\/\/rawcyclingmag.com\/wp-content\/uploads\/2023\/06\/Smugglers_2023_by_Sam_Cornette-343_websize.jpg'><img decoding=\"async\" width=\"1600\" height=\"1067\" src=\"https:\/\/rawcyclingmag.com\/wp-content\/uploads\/2023\/06\/Smugglers_2023_by_Sam_Cornette-343_websize.jpg\" class=\"attachment-full size-full\" alt=\"\" srcset=\"https:\/\/rawcyclingmag.com\/wp-content\/uploads\/2023\/06\/Smugglers_2023_by_Sam_Cornette-343_websize.jpg 1600w, https:\/\/rawcyclingmag.com\/wp-content\/uploads\/2023\/06\/Smugglers_2023_by_Sam_Cornette-343_websize-300x200.jpg 300w, https:\/\/rawcyclingmag.com\/wp-content\/uploads\/2023\/06\/Smugglers_2023_by_Sam_Cornette-343_websize-768x512.jpg 768w, https:\/\/rawcyclingmag.com\/wp-content\/uploads\/2023\/06\/Smugglers_2023_by_Sam_Cornette-343_websize-1536x1024.jpg 1536w, https:\/\/rawcyclingmag.com\/wp-content\/uploads\/2023\/06\/Smugglers_2023_by_Sam_Cornette-343_websize-272x182.jpg 272w\" sizes=\"(max-width: 1600px) 100vw, 1600px\" \/><\/a>\n\t\t\t<\/dt><\/dl><br style=\"clear: both\" \/>\n\t\t<\/div>\n\n<p>Recorrimos kil\u00f3metro tras kil\u00f3metro mientras nos lo pas\u00e1bamos en grande sobre nuestra bicicleta gravel y, antes de darnos cuenta, ya est\u00e1bamos de vuelta en el campamento base. De manera similar, el tiempo entre nuestra llegada y el comienzo de la pizza party que cenamos pas\u00f3 volando porque est\u00e1bamos entretenidos hablando con otros participantes que encontramos durante la ruta.<\/p>\n<p>Nos averg\u00fcenza decir que hab\u00eda mucha gente con m\u00e1s ganas de fiesta que nosotros. Al escuchar las conversaciones a la ma\u00f1ana siguiente, qued\u00f3 claro que para algunos fue una larga noche de m\u00fasica hardstyle y cervezas. El \u201changover ride\u201d planificado para las 8:30 ten\u00eda un nombre muy apropiado y, desafortunadamente para todos nosotros, marc\u00f3 el final de un buen fin de semana.<\/p>\n\n\t\t<style type=\"text\/css\">\n\t\t\t#gallery-8 {\n\t\t\t\tmargin: auto;\n\t\t\t}\n\t\t\t#gallery-8 .gallery-item {\n\t\t\t\tfloat: left;\n\t\t\t\tmargin-top: 10px;\n\t\t\t\ttext-align: center;\n\t\t\t\twidth: 50%;\n\t\t\t}\n\t\t\t#gallery-8 img {\n\t\t\t\tborder: 2px solid #cfcfcf;\n\t\t\t}\n\t\t\t#gallery-8 .gallery-caption {\n\t\t\t\tmargin-left: 0;\n\t\t\t}\n\t\t\t\/* see gallery_shortcode() in wp-includes\/media.php *\/\n\t\t<\/style>\n\t\t<div id='gallery-8' class='gallery galleryid-37191 gallery-columns-2 gallery-size-full'><dl class='gallery-item'>\n\t\t\t<dt class='gallery-icon landscape'>\n\t\t\t\t<a href='https:\/\/rawcyclingmag.com\/wp-content\/uploads\/2023\/06\/Smugglers_2023_by_Sam_Cornette-441_websize.jpg'><img decoding=\"async\" width=\"1600\" height=\"1067\" src=\"https:\/\/rawcyclingmag.com\/wp-content\/uploads\/2023\/06\/Smugglers_2023_by_Sam_Cornette-441_websize.jpg\" class=\"attachment-full size-full\" alt=\"\" srcset=\"https:\/\/rawcyclingmag.com\/wp-content\/uploads\/2023\/06\/Smugglers_2023_by_Sam_Cornette-441_websize.jpg 1600w, https:\/\/rawcyclingmag.com\/wp-content\/uploads\/2023\/06\/Smugglers_2023_by_Sam_Cornette-441_websize-300x200.jpg 300w, https:\/\/rawcyclingmag.com\/wp-content\/uploads\/2023\/06\/Smugglers_2023_by_Sam_Cornette-441_websize-768x512.jpg 768w, https:\/\/rawcyclingmag.com\/wp-content\/uploads\/2023\/06\/Smugglers_2023_by_Sam_Cornette-441_websize-1536x1024.jpg 1536w, https:\/\/rawcyclingmag.com\/wp-content\/uploads\/2023\/06\/Smugglers_2023_by_Sam_Cornette-441_websize-272x182.jpg 272w\" sizes=\"(max-width: 1600px) 100vw, 1600px\" \/><\/a>\n\t\t\t<\/dt><\/dl><dl class='gallery-item'>\n\t\t\t<dt class='gallery-icon landscape'>\n\t\t\t\t<a href='https:\/\/rawcyclingmag.com\/wp-content\/uploads\/2023\/06\/Smugglers_2023_by_Sam_Cornette-580_websize.jpg'><img decoding=\"async\" width=\"1600\" height=\"1067\" src=\"https:\/\/rawcyclingmag.com\/wp-content\/uploads\/2023\/06\/Smugglers_2023_by_Sam_Cornette-580_websize.jpg\" class=\"attachment-full size-full\" alt=\"\" srcset=\"https:\/\/rawcyclingmag.com\/wp-content\/uploads\/2023\/06\/Smugglers_2023_by_Sam_Cornette-580_websize.jpg 1600w, https:\/\/rawcyclingmag.com\/wp-content\/uploads\/2023\/06\/Smugglers_2023_by_Sam_Cornette-580_websize-300x200.jpg 300w, https:\/\/rawcyclingmag.com\/wp-content\/uploads\/2023\/06\/Smugglers_2023_by_Sam_Cornette-580_websize-768x512.jpg 768w, https:\/\/rawcyclingmag.com\/wp-content\/uploads\/2023\/06\/Smugglers_2023_by_Sam_Cornette-580_websize-1536x1024.jpg 1536w, https:\/\/rawcyclingmag.com\/wp-content\/uploads\/2023\/06\/Smugglers_2023_by_Sam_Cornette-580_websize-272x182.jpg 272w\" sizes=\"(max-width: 1600px) 100vw, 1600px\" \/><\/a>\n\t\t\t<\/dt><\/dl><br style=\"clear: both\" \/>\n\t\t<\/div>\n\n<p>Smugglers\u2019 Path fue una gran experiencia reveladora de lo inclusivo que es el gravel. Estamos contentos de habernos topado con un evento tan agradable y ahora entendemos por qu\u00e9, para muchas personas, es el mejor fin de semana de su a\u00f1o. Los mismos organizadores tienen un segundo evento con ambiente similar m\u00e1s adelante en el a\u00f1o, as\u00ed que no lo dudes e inscr\u00edbete a\u00a0<a href=\"https:\/\/smugglers.be\/smugglers-french-borders\/\" target=\"_blank\" rel=\"noopener\">French Borders<\/a> mientras sigan habiendo inscripciones disponibles.<\/p>\n","protected":false},"excerpt":{"rendered":"<p>A medida que las temperaturas siguen subiendo, todo tipo de eventos al aire libre ocupan nuestros calendarios. De la misma<\/p>\n","protected":false},"author":11,"featured_media":33865,"comment_status":"open","ping_status":"closed","sticky":false,"template":"","format":"standard","meta":{"footnotes":""},"categories":[4079,4080],"tags":[4107],"class_list":["post-37191","post","type-post","status-publish","format-standard","has-post-thumbnail","hentry","category-destacado","category-eventos","tag-gravel-cycling-es"],"yoast_head":"<!-- This site is optimized with the Yoast SEO Premium plugin v27.0 (Yoast SEO v27.0) - https:\/\/yoast.com\/product\/yoast-seo-premium-wordpress\/ -->\n<title>Smugglers&#039; Path: El campamento gravel de referencia en Flandes - RAW Cycling Magazine<\/title>\n<meta name=\"robots\" content=\"index, follow, max-snippet:-1, max-image-preview:large, max-video-preview:-1\" \/>\n<link rel=\"canonical\" href=\"https:\/\/rawcyclingmag.com\/es\/smugglers-path-el-campamento-gravel-de-referencia-en-flandes\/\" \/>\n<meta property=\"og:locale\" content=\"es_ES\" \/>\n<meta property=\"og:type\" content=\"article\" \/>\n<meta property=\"og:title\" content=\"Smugglers&#039; Path: El campamento gravel de referencia en Flandes\" \/>\n<meta property=\"og:description\" content=\"A medida que las temperaturas siguen subiendo, todo tipo de eventos al aire libre ocupan nuestros calendarios. De la misma\" \/>\n<meta property=\"og:url\" content=\"https:\/\/rawcyclingmag.com\/es\/smugglers-path-el-campamento-gravel-de-referencia-en-flandes\/\" \/>\n<meta property=\"og:site_name\" content=\"RAW Cycling Magazine\" \/>\n<meta property=\"article:publisher\" content=\"http:\/\/facebook.com\/rawcyclingmag\" \/>\n<meta property=\"article:published_time\" content=\"2023-06-12T15:42:17+00:00\" \/>\n<meta property=\"og:image\" content=\"https:\/\/rawcyclingmag.com\/wp-content\/uploads\/2023\/06\/Smugglers_2023_by_Sam_Cornette-41_websize.jpg\" \/>\n\t<meta property=\"og:image:width\" content=\"1600\" \/>\n\t<meta property=\"og:image:height\" content=\"1067\" \/>\n\t<meta property=\"og:image:type\" content=\"image\/jpeg\" \/>\n<meta name=\"author\" content=\"Javi Angulo\" \/>\n<meta name=\"twitter:card\" content=\"summary_large_image\" \/>\n<meta name=\"twitter:creator\" content=\"@rawcyclingmag\" \/>\n<meta name=\"twitter:site\" content=\"@rawcyclingmag\" \/>\n<meta name=\"twitter:label1\" content=\"Escrito por\" \/>\n\t<meta name=\"twitter:data1\" content=\"Javi Angulo\" \/>\n\t<meta name=\"twitter:label2\" content=\"Tiempo de lectura\" \/>\n\t<meta name=\"twitter:data2\" content=\"5 minutos\" \/>\n<script type=\"application\/ld+json\" class=\"yoast-schema-graph\">{\"@context\":\"https:\/\/schema.org\",\"@graph\":[{\"@type\":\"Article\",\"@id\":\"https:\/\/rawcyclingmag.com\/es\/smugglers-path-el-campamento-gravel-de-referencia-en-flandes\/#article\",\"isPartOf\":{\"@id\":\"https:\/\/rawcyclingmag.com\/es\/smugglers-path-el-campamento-gravel-de-referencia-en-flandes\/\"},\"author\":{\"name\":\"Javi Angulo\",\"@id\":\"https:\/\/rawcyclingmag.com\/es\/#\/schema\/person\/9a9334e46cc1757dface39a245240ac2\"},\"headline\":\"Smugglers&#8217; Path: El campamento gravel de referencia en Flandes\",\"datePublished\":\"2023-06-12T15:42:17+00:00\",\"mainEntityOfPage\":{\"@id\":\"https:\/\/rawcyclingmag.com\/es\/smugglers-path-el-campamento-gravel-de-referencia-en-flandes\/\"},\"wordCount\":1066,\"commentCount\":0,\"publisher\":{\"@id\":\"https:\/\/rawcyclingmag.com\/es\/#organization\"},\"image\":{\"@id\":\"https:\/\/rawcyclingmag.com\/es\/smugglers-path-el-campamento-gravel-de-referencia-en-flandes\/#primaryimage\"},\"thumbnailUrl\":\"https:\/\/rawcyclingmag.com\/wp-content\/uploads\/2023\/06\/Smugglers_2023_by_Sam_Cornette-41_websize.jpg\",\"keywords\":[\"gravel cycling\"],\"articleSection\":[\"Destacado\",\"Eventos\"],\"inLanguage\":\"es\",\"potentialAction\":[{\"@type\":\"CommentAction\",\"name\":\"Comment\",\"target\":[\"https:\/\/rawcyclingmag.com\/es\/smugglers-path-el-campamento-gravel-de-referencia-en-flandes\/#respond\"]}]},{\"@type\":\"WebPage\",\"@id\":\"https:\/\/rawcyclingmag.com\/es\/smugglers-path-el-campamento-gravel-de-referencia-en-flandes\/\",\"url\":\"https:\/\/rawcyclingmag.com\/es\/smugglers-path-el-campamento-gravel-de-referencia-en-flandes\/\",\"name\":\"Smugglers' Path: El campamento gravel de referencia en Flandes - RAW Cycling Magazine\",\"isPartOf\":{\"@id\":\"https:\/\/rawcyclingmag.com\/es\/#website\"},\"primaryImageOfPage\":{\"@id\":\"https:\/\/rawcyclingmag.com\/es\/smugglers-path-el-campamento-gravel-de-referencia-en-flandes\/#primaryimage\"},\"image\":{\"@id\":\"https:\/\/rawcyclingmag.com\/es\/smugglers-path-el-campamento-gravel-de-referencia-en-flandes\/#primaryimage\"},\"thumbnailUrl\":\"https:\/\/rawcyclingmag.com\/wp-content\/uploads\/2023\/06\/Smugglers_2023_by_Sam_Cornette-41_websize.jpg\",\"datePublished\":\"2023-06-12T15:42:17+00:00\",\"breadcrumb\":{\"@id\":\"https:\/\/rawcyclingmag.com\/es\/smugglers-path-el-campamento-gravel-de-referencia-en-flandes\/#breadcrumb\"},\"inLanguage\":\"es\",\"potentialAction\":[{\"@type\":\"ReadAction\",\"target\":[\"https:\/\/rawcyclingmag.com\/es\/smugglers-path-el-campamento-gravel-de-referencia-en-flandes\/\"]}]},{\"@type\":\"ImageObject\",\"inLanguage\":\"es\",\"@id\":\"https:\/\/rawcyclingmag.com\/es\/smugglers-path-el-campamento-gravel-de-referencia-en-flandes\/#primaryimage\",\"url\":\"https:\/\/rawcyclingmag.com\/wp-content\/uploads\/2023\/06\/Smugglers_2023_by_Sam_Cornette-41_websize.jpg\",\"contentUrl\":\"https:\/\/rawcyclingmag.com\/wp-content\/uploads\/2023\/06\/Smugglers_2023_by_Sam_Cornette-41_websize.jpg\",\"width\":1600,\"height\":1067},{\"@type\":\"BreadcrumbList\",\"@id\":\"https:\/\/rawcyclingmag.com\/es\/smugglers-path-el-campamento-gravel-de-referencia-en-flandes\/#breadcrumb\",\"itemListElement\":[{\"@type\":\"ListItem\",\"position\":1,\"name\":\"Portada\",\"item\":\"https:\/\/rawcyclingmag.com\/es\/\"},{\"@type\":\"ListItem\",\"position\":2,\"name\":\"Smugglers&#8217; Path: El campamento gravel de referencia en Flandes\"}]},{\"@type\":\"WebSite\",\"@id\":\"https:\/\/rawcyclingmag.com\/es\/#website\",\"url\":\"https:\/\/rawcyclingmag.com\/es\/\",\"name\":\"RAW Cycling Magazine\",\"description\":\"\",\"publisher\":{\"@id\":\"https:\/\/rawcyclingmag.com\/es\/#organization\"},\"potentialAction\":[{\"@type\":\"SearchAction\",\"target\":{\"@type\":\"EntryPoint\",\"urlTemplate\":\"https:\/\/rawcyclingmag.com\/es\/?s={search_term_string}\"},\"query-input\":{\"@type\":\"PropertyValueSpecification\",\"valueRequired\":true,\"valueName\":\"search_term_string\"}}],\"inLanguage\":\"es\"},{\"@type\":\"Organization\",\"@id\":\"https:\/\/rawcyclingmag.com\/es\/#organization\",\"name\":\"RAW Cycling Magazine\",\"url\":\"https:\/\/rawcyclingmag.com\/es\/\",\"logo\":{\"@type\":\"ImageObject\",\"inLanguage\":\"es\",\"@id\":\"https:\/\/rawcyclingmag.com\/es\/#\/schema\/logo\/image\/\",\"url\":\"https:\/\/rawcyclingmag.com\/wp-content\/uploads\/2018\/03\/RawMagazine.orange.medium.png\",\"contentUrl\":\"https:\/\/rawcyclingmag.com\/wp-content\/uploads\/2018\/03\/RawMagazine.orange.medium.png\",\"width\":300,\"height\":140,\"caption\":\"RAW Cycling Magazine\"},\"image\":{\"@id\":\"https:\/\/rawcyclingmag.com\/es\/#\/schema\/logo\/image\/\"},\"sameAs\":[\"http:\/\/facebook.com\/rawcyclingmag\",\"https:\/\/x.com\/rawcyclingmag\",\"http:\/\/instagram.com\/rawcyclingmag\"]},{\"@type\":\"Person\",\"@id\":\"https:\/\/rawcyclingmag.com\/es\/#\/schema\/person\/9a9334e46cc1757dface39a245240ac2\",\"name\":\"Javi Angulo\",\"image\":{\"@type\":\"ImageObject\",\"inLanguage\":\"es\",\"@id\":\"https:\/\/rawcyclingmag.com\/es\/#\/schema\/person\/image\/\",\"url\":\"https:\/\/secure.gravatar.com\/avatar\/43ed55df3e74b6c072beb9233deb1a217e863d4c5f7f1b3e22ac72c861b226df?s=96&d=mm&r=g\",\"contentUrl\":\"https:\/\/secure.gravatar.com\/avatar\/43ed55df3e74b6c072beb9233deb1a217e863d4c5f7f1b3e22ac72c861b226df?s=96&d=mm&r=g\",\"caption\":\"Javi Angulo\"},\"description\":\"Javi es nuestro corresponsal en B\u00e9lgica, y trata de contrarrestar su obsesiva pasi\u00f3n por el an\u00e1lisis de datos con la relajante acci\u00f3n (o eso es lo que dice) de crear contenido para la revista. Javi is based in Belgium and tries to compensate for his obsessive passion for data analytics with the relaxing action (that's what he says) of creating content for the magazine.\",\"sameAs\":[\"https:\/\/www.instagram.com\/javiangulog\/\"],\"url\":\"https:\/\/rawcyclingmag.com\/es\/author\/javi\/\"}]}<\/script>\n<!-- \/ Yoast SEO Premium plugin. -->","yoast_head_json":{"title":"Smugglers' Path: El campamento gravel de referencia en Flandes - RAW Cycling Magazine","robots":{"index":"index","follow":"follow","max-snippet":"max-snippet:-1","max-image-preview":"max-image-preview:large","max-video-preview":"max-video-preview:-1"},"canonical":"https:\/\/rawcyclingmag.com\/es\/smugglers-path-el-campamento-gravel-de-referencia-en-flandes\/","og_locale":"es_ES","og_type":"article","og_title":"Smugglers' Path: El campamento gravel de referencia en Flandes","og_description":"A medida que las temperaturas siguen subiendo, todo tipo de eventos al aire libre ocupan nuestros calendarios. De la misma","og_url":"https:\/\/rawcyclingmag.com\/es\/smugglers-path-el-campamento-gravel-de-referencia-en-flandes\/","og_site_name":"RAW Cycling Magazine","article_publisher":"http:\/\/facebook.com\/rawcyclingmag","article_published_time":"2023-06-12T15:42:17+00:00","og_image":[{"width":1600,"height":1067,"url":"https:\/\/rawcyclingmag.com\/wp-content\/uploads\/2023\/06\/Smugglers_2023_by_Sam_Cornette-41_websize.jpg","type":"image\/jpeg"}],"author":"Javi Angulo","twitter_card":"summary_large_image","twitter_creator":"@rawcyclingmag","twitter_site":"@rawcyclingmag","twitter_misc":{"Escrito por":"Javi Angulo","Tiempo de lectura":"5 minutos"},"schema":{"@context":"https:\/\/schema.org","@graph":[{"@type":"Article","@id":"https:\/\/rawcyclingmag.com\/es\/smugglers-path-el-campamento-gravel-de-referencia-en-flandes\/#article","isPartOf":{"@id":"https:\/\/rawcyclingmag.com\/es\/smugglers-path-el-campamento-gravel-de-referencia-en-flandes\/"},"author":{"name":"Javi Angulo","@id":"https:\/\/rawcyclingmag.com\/es\/#\/schema\/person\/9a9334e46cc1757dface39a245240ac2"},"headline":"Smugglers&#8217; Path: El campamento gravel de referencia en Flandes","datePublished":"2023-06-12T15:42:17+00:00","mainEntityOfPage":{"@id":"https:\/\/rawcyclingmag.com\/es\/smugglers-path-el-campamento-gravel-de-referencia-en-flandes\/"},"wordCount":1066,"commentCount":0,"publisher":{"@id":"https:\/\/rawcyclingmag.com\/es\/#organization"},"image":{"@id":"https:\/\/rawcyclingmag.com\/es\/smugglers-path-el-campamento-gravel-de-referencia-en-flandes\/#primaryimage"},"thumbnailUrl":"https:\/\/rawcyclingmag.com\/wp-content\/uploads\/2023\/06\/Smugglers_2023_by_Sam_Cornette-41_websize.jpg","keywords":["gravel cycling"],"articleSection":["Destacado","Eventos"],"inLanguage":"es","potentialAction":[{"@type":"CommentAction","name":"Comment","target":["https:\/\/rawcyclingmag.com\/es\/smugglers-path-el-campamento-gravel-de-referencia-en-flandes\/#respond"]}]},{"@type":"WebPage","@id":"https:\/\/rawcyclingmag.com\/es\/smugglers-path-el-campamento-gravel-de-referencia-en-flandes\/","url":"https:\/\/rawcyclingmag.com\/es\/smugglers-path-el-campamento-gravel-de-referencia-en-flandes\/","name":"Smugglers' Path: El campamento gravel de referencia en Flandes - RAW Cycling Magazine","isPartOf":{"@id":"https:\/\/rawcyclingmag.com\/es\/#website"},"primaryImageOfPage":{"@id":"https:\/\/rawcyclingmag.com\/es\/smugglers-path-el-campamento-gravel-de-referencia-en-flandes\/#primaryimage"},"image":{"@id":"https:\/\/rawcyclingmag.com\/es\/smugglers-path-el-campamento-gravel-de-referencia-en-flandes\/#primaryimage"},"thumbnailUrl":"https:\/\/rawcyclingmag.com\/wp-content\/uploads\/2023\/06\/Smugglers_2023_by_Sam_Cornette-41_websize.jpg","datePublished":"2023-06-12T15:42:17+00:00","breadcrumb":{"@id":"https:\/\/rawcyclingmag.com\/es\/smugglers-path-el-campamento-gravel-de-referencia-en-flandes\/#breadcrumb"},"inLanguage":"es","potentialAction":[{"@type":"ReadAction","target":["https:\/\/rawcyclingmag.com\/es\/smugglers-path-el-campamento-gravel-de-referencia-en-flandes\/"]}]},{"@type":"ImageObject","inLanguage":"es","@id":"https:\/\/rawcyclingmag.com\/es\/smugglers-path-el-campamento-gravel-de-referencia-en-flandes\/#primaryimage","url":"https:\/\/rawcyclingmag.com\/wp-content\/uploads\/2023\/06\/Smugglers_2023_by_Sam_Cornette-41_websize.jpg","contentUrl":"https:\/\/rawcyclingmag.com\/wp-content\/uploads\/2023\/06\/Smugglers_2023_by_Sam_Cornette-41_websize.jpg","width":1600,"height":1067},{"@type":"BreadcrumbList","@id":"https:\/\/rawcyclingmag.com\/es\/smugglers-path-el-campamento-gravel-de-referencia-en-flandes\/#breadcrumb","itemListElement":[{"@type":"ListItem","position":1,"name":"Portada","item":"https:\/\/rawcyclingmag.com\/es\/"},{"@type":"ListItem","position":2,"name":"Smugglers&#8217; Path: El campamento gravel de referencia en Flandes"}]},{"@type":"WebSite","@id":"https:\/\/rawcyclingmag.com\/es\/#website","url":"https:\/\/rawcyclingmag.com\/es\/","name":"RAW Cycling Magazine","description":"","publisher":{"@id":"https:\/\/rawcyclingmag.com\/es\/#organization"},"potentialAction":[{"@type":"SearchAction","target":{"@type":"EntryPoint","urlTemplate":"https:\/\/rawcyclingmag.com\/es\/?s={search_term_string}"},"query-input":{"@type":"PropertyValueSpecification","valueRequired":true,"valueName":"search_term_string"}}],"inLanguage":"es"},{"@type":"Organization","@id":"https:\/\/rawcyclingmag.com\/es\/#organization","name":"RAW Cycling Magazine","url":"https:\/\/rawcyclingmag.com\/es\/","logo":{"@type":"ImageObject","inLanguage":"es","@id":"https:\/\/rawcyclingmag.com\/es\/#\/schema\/logo\/image\/","url":"https:\/\/rawcyclingmag.com\/wp-content\/uploads\/2018\/03\/RawMagazine.orange.medium.png","contentUrl":"https:\/\/rawcyclingmag.com\/wp-content\/uploads\/2018\/03\/RawMagazine.orange.medium.png","width":300,"height":140,"caption":"RAW Cycling Magazine"},"image":{"@id":"https:\/\/rawcyclingmag.com\/es\/#\/schema\/logo\/image\/"},"sameAs":["http:\/\/facebook.com\/rawcyclingmag","https:\/\/x.com\/rawcyclingmag","http:\/\/instagram.com\/rawcyclingmag"]},{"@type":"Person","@id":"https:\/\/rawcyclingmag.com\/es\/#\/schema\/person\/9a9334e46cc1757dface39a245240ac2","name":"Javi Angulo","image":{"@type":"ImageObject","inLanguage":"es","@id":"https:\/\/rawcyclingmag.com\/es\/#\/schema\/person\/image\/","url":"https:\/\/secure.gravatar.com\/avatar\/43ed55df3e74b6c072beb9233deb1a217e863d4c5f7f1b3e22ac72c861b226df?s=96&d=mm&r=g","contentUrl":"https:\/\/secure.gravatar.com\/avatar\/43ed55df3e74b6c072beb9233deb1a217e863d4c5f7f1b3e22ac72c861b226df?s=96&d=mm&r=g","caption":"Javi Angulo"},"description":"Javi es nuestro corresponsal en B\u00e9lgica, y trata de contrarrestar su obsesiva pasi\u00f3n por el an\u00e1lisis de datos con la relajante acci\u00f3n (o eso es lo que dice) de crear contenido para la revista. Javi is based in Belgium and tries to compensate for his obsessive passion for data analytics with the relaxing action (that's what he says) of creating content for the magazine.","sameAs":["https:\/\/www.instagram.com\/javiangulog\/"],"url":"https:\/\/rawcyclingmag.com\/es\/author\/javi\/"}]}},"_links":{"self":[{"href":"https:\/\/rawcyclingmag.com\/es\/wp-json\/wp\/v2\/posts\/37191","targetHints":{"allow":["GET"]}}],"collection":[{"href":"https:\/\/rawcyclingmag.com\/es\/wp-json\/wp\/v2\/posts"}],"about":[{"href":"https:\/\/rawcyclingmag.com\/es\/wp-json\/wp\/v2\/types\/post"}],"author":[{"embeddable":true,"href":"https:\/\/rawcyclingmag.com\/es\/wp-json\/wp\/v2\/users\/11"}],"replies":[{"embeddable":true,"href":"https:\/\/rawcyclingmag.com\/es\/wp-json\/wp\/v2\/comments?post=37191"}],"version-history":[{"count":0,"href":"https:\/\/rawcyclingmag.com\/es\/wp-json\/wp\/v2\/posts\/37191\/revisions"}],"wp:featuredmedia":[{"embeddable":true,"href":"https:\/\/rawcyclingmag.com\/es\/wp-json\/wp\/v2\/media\/33865"}],"wp:attachment":[{"href":"https:\/\/rawcyclingmag.com\/es\/wp-json\/wp\/v2\/media?parent=37191"}],"wp:term":[{"taxonomy":"category","embeddable":true,"href":"https:\/\/rawcyclingmag.com\/es\/wp-json\/wp\/v2\/categories?post=37191"},{"taxonomy":"post_tag","embeddable":true,"href":"https:\/\/rawcyclingmag.com\/es\/wp-json\/wp\/v2\/tags?post=37191"}],"curies":[{"name":"wp","href":"https:\/\/api.w.org\/{rel}","templated":true}]}}