{"id":36831,"date":"2021-02-22T22:30:53","date_gmt":"2021-02-22T21:30:53","guid":{"rendered":"https:\/\/raw.ecoolabs.com\/ciclismo-en-los-paises-bajos-disciplina-recursos-y-muchos-exitos\/"},"modified":"2021-02-22T22:30:53","modified_gmt":"2021-02-22T21:30:53","slug":"ciclismo-en-los-paises-bajos-disciplina-recursos-y-muchos-exitos","status":"publish","type":"post","link":"https:\/\/rawcyclingmag.com\/es\/ciclismo-en-los-paises-bajos-disciplina-recursos-y-muchos-exitos\/","title":{"rendered":"Ciclismo en los Pa\u00edses Bajos: disciplina, recursos y (muchos) \u00e9xitos"},"content":{"rendered":"<p>Ver a una ciclista neerlandesa al frente de una carrera es algo com\u00fan. Todos sabemos que en los Pa\u00edses Bajos la gente empieza a caminar y montar en bicicleta de forma pr\u00e1cticamente simult\u00e1nea y, aunque solo una parte de la poblaci\u00f3n decide tom\u00e1rselo en serio y perseguir el sue\u00f1o de convertirse en profesionales, todos ellos tienen a su disposici\u00f3n todas las herramientas necesarias para continuar su proceso de desarrollo.<\/p>\n<p>Una vez que un ciclista aficionado toma la decisi\u00f3n de comprometerse con el ciclismo, es fundamental contar con el apoyo de la federaci\u00f3n nacional y, en este sentido, los holandeses pueden considerarse afortunados.<\/p>\n<p>El talento en bruto es capaz de abrir las puertas al profesionalismo, pero si no existe una organizaci\u00f3n para detectar el potencial de su poblaci\u00f3n, los ciclistas prometedores no podr\u00e1n hacerse notar. La Federaci\u00f3n Holandesa de Ciclismo (KNWU) sobresale en la selecci\u00f3n de talentos precoz y, desde una edad temprana, los ciclistas se benefician del programa formativo que KNWU ha refinado durante las \u00faltimas d\u00e9cadas.<\/p>\n\n\t\t<style type=\"text\/css\">\n\t\t\t#gallery-1 {\n\t\t\t\tmargin: auto;\n\t\t\t}\n\t\t\t#gallery-1 .gallery-item {\n\t\t\t\tfloat: left;\n\t\t\t\tmargin-top: 10px;\n\t\t\t\ttext-align: center;\n\t\t\t\twidth: 33%;\n\t\t\t}\n\t\t\t#gallery-1 img {\n\t\t\t\tborder: 2px solid #cfcfcf;\n\t\t\t}\n\t\t\t#gallery-1 .gallery-caption {\n\t\t\t\tmargin-left: 0;\n\t\t\t}\n\t\t\t\/* see gallery_shortcode() in wp-includes\/media.php *\/\n\t\t<\/style>\n\t\t<div id='gallery-1' class='gallery galleryid-36831 gallery-columns-3 gallery-size-full'><dl class='gallery-item'>\n\t\t\t<dt class='gallery-icon landscape'>\n\t\t\t\t<a href='https:\/\/rawcyclingmag.com\/wp-content\/uploads\/2021\/02\/DSC_9590-e1613751333782.jpg'><img decoding=\"async\" width=\"2000\" height=\"1333\" src=\"https:\/\/rawcyclingmag.com\/wp-content\/uploads\/2021\/02\/DSC_9590-e1613751333782.jpg\" class=\"attachment-full size-full\" alt=\"\" \/><\/a>\n\t\t\t<\/dt><\/dl><dl class='gallery-item'>\n\t\t\t<dt class='gallery-icon landscape'>\n\t\t\t\t<a href='https:\/\/rawcyclingmag.com\/wp-content\/uploads\/2021\/02\/AW3_5552-e1613751311420.jpg'><img decoding=\"async\" width=\"2000\" height=\"1333\" src=\"https:\/\/rawcyclingmag.com\/wp-content\/uploads\/2021\/02\/AW3_5552-e1613751311420.jpg\" class=\"attachment-full size-full\" alt=\"\" \/><\/a>\n\t\t\t<\/dt><\/dl><dl class='gallery-item'>\n\t\t\t<dt class='gallery-icon landscape'>\n\t\t\t\t<a href='https:\/\/rawcyclingmag.com\/wp-content\/uploads\/2021\/02\/DSC_9563-e1613751294319.jpg'><img decoding=\"async\" width=\"2000\" height=\"1333\" src=\"https:\/\/rawcyclingmag.com\/wp-content\/uploads\/2021\/02\/DSC_9563-e1613751294319.jpg\" class=\"attachment-full size-full\" alt=\"\" \/><\/a>\n\t\t\t<\/dt><\/dl><br style=\"clear: both\" \/>\n\t\t<\/div>\n\n<h3>\u00bfQu\u00e9 las hace tan exitosas?<\/h3>\n<p>Aunque estamos acostumbrados a sus victorias, todav\u00eda nos dejan impresionados las escenas de cinco ciclistas en la parte delantera del Campeonato del Mundo de ciclocross, con corredoras del resto del mundo que no pod\u00edan igualar el nivel de Lucinda Brand y sus compatriotas.<\/p>\n<p>Contactamos con <a href=\"https:\/\/www.instagram.com\/irisslappendel\/\" target=\"_blank\" rel=\"noopener\">Iris Slappendel<\/a>, directora ejecutiva de <a href=\"https:\/\/www.instagram.com\/thecyclistsalliance\/?hl=es\" target=\"_blank\" rel=\"noopener\">The Cyclists&#8217; Alliance<\/a> (TCA) y ex ciclista profesional, ya que hay pocas personas con una visi\u00f3n m\u00e1s clara de lo que hace que las ciclistas neerlandesas sean tan exitosas. Form\u00f3 parte de la plantilla de Rabobank que reuni\u00f3 a casi todas las ciclistas que han dominado el panorama durante las \u00faltimas temporadas. Experiment\u00f3 el camino a la cima en primera persona y ahora est\u00e1 en contacto con todos los stakeholders involucrados en este deporte. Sabiendo de su importancia, uno de los objetivos de The Cyclists&#8217; Alliance es optimizar la implicaci\u00f3n de las federaciones nacionales en el ciclismo.<\/p>\n<p><a href=\"https:\/\/rawcyclingmag.com\/wp-content\/uploads\/2021\/02\/AW3_4949-e1613750053480.jpg\"><img decoding=\"async\" class=\"alignnone wp-image-13566 size-full\" src=\"https:\/\/rawcyclingmag.com\/wp-content\/uploads\/2021\/02\/AW3_4949-e1613750053480.jpg\" alt=\"\" width=\"2000\" height=\"1333\" \/><\/a><\/p>\n\n\t\t<style type=\"text\/css\">\n\t\t\t#gallery-2 {\n\t\t\t\tmargin: auto;\n\t\t\t}\n\t\t\t#gallery-2 .gallery-item {\n\t\t\t\tfloat: left;\n\t\t\t\tmargin-top: 10px;\n\t\t\t\ttext-align: center;\n\t\t\t\twidth: 33%;\n\t\t\t}\n\t\t\t#gallery-2 img {\n\t\t\t\tborder: 2px solid #cfcfcf;\n\t\t\t}\n\t\t\t#gallery-2 .gallery-caption {\n\t\t\t\tmargin-left: 0;\n\t\t\t}\n\t\t\t\/* see gallery_shortcode() in wp-includes\/media.php *\/\n\t\t<\/style>\n\t\t<div id='gallery-2' class='gallery galleryid-36831 gallery-columns-3 gallery-size-full'><dl class='gallery-item'>\n\t\t\t<dt class='gallery-icon landscape'>\n\t\t\t\t<a href='https:\/\/rawcyclingmag.com\/wp-content\/uploads\/2021\/02\/AW3_4794-e1613750227365.jpg'><img decoding=\"async\" width=\"2000\" height=\"1333\" src=\"https:\/\/rawcyclingmag.com\/wp-content\/uploads\/2021\/02\/AW3_4794-e1613750227365.jpg\" class=\"attachment-full size-full\" alt=\"\" \/><\/a>\n\t\t\t<\/dt><\/dl><dl class='gallery-item'>\n\t\t\t<dt class='gallery-icon landscape'>\n\t\t\t\t<a href='https:\/\/rawcyclingmag.com\/wp-content\/uploads\/2021\/02\/AW3_4842-e1613750088613.jpg'><img decoding=\"async\" width=\"2000\" height=\"1333\" src=\"https:\/\/rawcyclingmag.com\/wp-content\/uploads\/2021\/02\/AW3_4842-e1613750088613.jpg\" class=\"attachment-full size-full\" alt=\"\" \/><\/a>\n\t\t\t<\/dt><\/dl><dl class='gallery-item'>\n\t\t\t<dt class='gallery-icon landscape'>\n\t\t\t\t<a href='https:\/\/rawcyclingmag.com\/wp-content\/uploads\/2021\/02\/DSC_2751-e1613749882346.jpg'><img decoding=\"async\" width=\"2000\" height=\"1333\" src=\"https:\/\/rawcyclingmag.com\/wp-content\/uploads\/2021\/02\/DSC_2751-e1613749882346.jpg\" class=\"attachment-full size-full\" alt=\"\" \/><\/a>\n\t\t\t<\/dt><\/dl><br style=\"clear: both\" \/>\n\t\t<\/div>\n\n<p>Las neerlandesas se caracterizan por tener una fuerte personalidad, con algunos beneficios que pueden ser aplicados al ciclismo. En otros pa\u00edses, las mujeres pueden llegar sentirse influenciadas por el status quo en el que el ciclismo juega un papel residual y, por lo tanto, pocas personas se atreven a remar a contracorriente. Si tienen \u00e9xito al hacerlo, allanar\u00e1n el camino para las generaciones futuras, pero solo con una combinaci\u00f3n de talento y autodeterminaci\u00f3n ser\u00e1n capaces de abrir una nueva v\u00eda.<\/p>\n<p>Cuando los ciclistas en los Pa\u00edses Bajos establecen un objetivo, se centran al 100% en \u00e9l. Un buen ejemplo es Annemiek Van Vleuten, que ten\u00eda algo de talento, pero lo que realmente la hizo triunfar como lo ha hecho en la \u00faltima d\u00e9cada es su mentalidad trabajadora, capaz de asumir cargas de entrenamiento que solo unos pocos corredores en el pelot\u00f3n masculino pueden igualar.<\/p>\n<p>Mientras que otras naciones son m\u00e1s tradicionales, con atletas femeninas que llegan al ciclismo desde otros deportes, en los Pa\u00edses Bajos el ciclismo es la primera opci\u00f3n para la mayor\u00eda de las atletas. La mujer se especializa en este deporte desde una edad temprana, lo que ayuda a adquirir las habilidades t\u00e9cnicas que complementan los par\u00e1metros fisiol\u00f3gicos requeridos.<\/p>\n\n\t\t<style type=\"text\/css\">\n\t\t\t#gallery-3 {\n\t\t\t\tmargin: auto;\n\t\t\t}\n\t\t\t#gallery-3 .gallery-item {\n\t\t\t\tfloat: left;\n\t\t\t\tmargin-top: 10px;\n\t\t\t\ttext-align: center;\n\t\t\t\twidth: 50%;\n\t\t\t}\n\t\t\t#gallery-3 img {\n\t\t\t\tborder: 2px solid #cfcfcf;\n\t\t\t}\n\t\t\t#gallery-3 .gallery-caption {\n\t\t\t\tmargin-left: 0;\n\t\t\t}\n\t\t\t\/* see gallery_shortcode() in wp-includes\/media.php *\/\n\t\t<\/style>\n\t\t<div id='gallery-3' class='gallery galleryid-36831 gallery-columns-2 gallery-size-full'><dl class='gallery-item'>\n\t\t\t<dt class='gallery-icon landscape'>\n\t\t\t\t<a href='https:\/\/rawcyclingmag.com\/wp-content\/uploads\/2021\/02\/AW3_4860-e1613751406110.jpg'><img decoding=\"async\" width=\"2000\" height=\"1333\" src=\"https:\/\/rawcyclingmag.com\/wp-content\/uploads\/2021\/02\/AW3_4860-e1613751406110.jpg\" class=\"attachment-full size-full\" alt=\"\" \/><\/a>\n\t\t\t<\/dt><\/dl><dl class='gallery-item'>\n\t\t\t<dt class='gallery-icon landscape'>\n\t\t\t\t<a href='https:\/\/rawcyclingmag.com\/wp-content\/uploads\/2021\/02\/AW1_4410-e1613750205932.jpg'><img decoding=\"async\" width=\"2000\" height=\"1333\" src=\"https:\/\/rawcyclingmag.com\/wp-content\/uploads\/2021\/02\/AW1_4410-e1613750205932.jpg\" class=\"attachment-full size-full\" alt=\"\" \/><\/a>\n\t\t\t<\/dt><\/dl><br style=\"clear: both\" \/>\n\t\t<\/div>\n\n<p>Seg\u00fan Iris, en otros pa\u00edses la federaci\u00f3n tiene m\u00e1s autoridad que en los Pa\u00edses Bajos, por lo que no se puede atribuir el \u00e9xito exclusivamente a las iniciativas tomadas por KNWU. El equilibrio de poderes es diferente, y el hecho de contar con una buena cantidad de equipos locales compitiendo a alto nivel disminuye la influencia del papel de la federaci\u00f3n. Aunque la federaci\u00f3n holandesa todav\u00eda organiza <em>training camps<\/em>, las ciclistas ya hacen algunos de ellos a lo largo del a\u00f1o con su propio equipo. Sin embargo, para las ciclistas de la mayor parte del mundo, estos <em>training camps<\/em> financiados por su federaci\u00f3n nacional son uno de los \u00fanicos momentos en los que se sienten profesionales.<\/p>\n<h3>La \u00e9poca dorada del ciclismo holand\u00e9s<\/h3>\n<p>Ahora estamos en las etapas finales de una generaci\u00f3n inimitable que incluye a tantas ciclistas triunfadoras que no ser\u00eda justo mencionar solo a algunas de ellas. Aunque ser\u00e1 dif\u00edcil igualar el nivel de este grupo de contempor\u00e1neas, las generaciones futuras tambi\u00e9n encontrar\u00e1n su modelo a seguir, y pelear\u00e1n por continuar con la hegemon\u00eda del ciclismo femenino holand\u00e9s.<\/p>\n<p>En el caso particular de esta generaci\u00f3n actual, fue Marianne Vos quien abri\u00f3 el camino. La KNWU sab\u00eda desde el principio el tipo de ciclista que ten\u00edan entre manos, y comenzaron a organizar concentraciones adicionales con la selecci\u00f3n. De esta forma, el rendimiento de Vos la benefici\u00f3 no solo a ella sino tambi\u00e9n al resto de corredoras nacionales.<\/p>\n\n\t\t<style type=\"text\/css\">\n\t\t\t#gallery-4 {\n\t\t\t\tmargin: auto;\n\t\t\t}\n\t\t\t#gallery-4 .gallery-item {\n\t\t\t\tfloat: left;\n\t\t\t\tmargin-top: 10px;\n\t\t\t\ttext-align: center;\n\t\t\t\twidth: 50%;\n\t\t\t}\n\t\t\t#gallery-4 img {\n\t\t\t\tborder: 2px solid #cfcfcf;\n\t\t\t}\n\t\t\t#gallery-4 .gallery-caption {\n\t\t\t\tmargin-left: 0;\n\t\t\t}\n\t\t\t\/* see gallery_shortcode() in wp-includes\/media.php *\/\n\t\t<\/style>\n\t\t<div id='gallery-4' class='gallery galleryid-36831 gallery-columns-2 gallery-size-full'><dl class='gallery-item'>\n\t\t\t<dt class='gallery-icon landscape'>\n\t\t\t\t<a href='https:\/\/rawcyclingmag.com\/wp-content\/uploads\/2021\/02\/Trainingskamp-Alicante-scaled-e1613749933936.jpg'><img decoding=\"async\" width=\"2000\" height=\"1334\" src=\"https:\/\/rawcyclingmag.com\/wp-content\/uploads\/2021\/02\/Trainingskamp-Alicante-scaled-e1613749933936.jpg\" class=\"attachment-full size-full\" alt=\"\" \/><\/a>\n\t\t\t<\/dt><\/dl><dl class='gallery-item'>\n\t\t\t<dt class='gallery-icon landscape'>\n\t\t\t\t<a href='https:\/\/rawcyclingmag.com\/wp-content\/uploads\/2021\/02\/Trainingskamp-Alicante-2-scaled-e1613749918979.jpg'><img decoding=\"async\" width=\"2000\" height=\"1334\" src=\"https:\/\/rawcyclingmag.com\/wp-content\/uploads\/2021\/02\/Trainingskamp-Alicante-2-scaled-e1613749918979.jpg\" class=\"attachment-full size-full\" alt=\"\" \/><\/a>\n\t\t\t<\/dt><\/dl><br style=\"clear: both\" \/>\n\t\t<\/div>\n\n<p>Actualmente forma parte del Team Jumbo-Visma, el nuevo equipo ciclista femenino. Aunque este equipo reci\u00e9n creado no es uno de los nueve WorldTeams para la temporada 2021, el Team Jumbo-Visma recibe el mismo trato que el equipo masculino en t\u00e9rminos de equipamiento, herramientas de entrenamiento y dem\u00e1s. Marianne tiene actualmente 33 a\u00f1os, pero incluso despu\u00e9s de haber ganado todo tanto en las disciplinas de carretera como de ciclocross, las personas que la trajeron al equipo desde el CCC-Liv piensan que todav\u00eda hay un potencial sin explotar, y est\u00e1 claro que ella ser\u00e1 un modelo a seguir para las ciclistas m\u00e1s j\u00f3venes del equipo.<\/p>\n<p>Como se dijo anteriormente, Marianne Vos abri\u00f3 la puerta a las ciclistas de su propia generaci\u00f3n y a las generaciones venideras, estableciendo un nuevo est\u00e1ndar en t\u00e9rminos de rendimiento y colocando a los Pa\u00edses Bajos en la cima del mundo del ciclismo. \u00bfEs esta situaci\u00f3n \u00f3ptima para todas las ciclistas del pa\u00eds? Probablemente no para aquellas que no tengan el mismo talento, porque el list\u00f3n, incluso para formar parte del pelot\u00f3n profesional, es ahora alt\u00edsimo.<\/p>\n<p>\u201cLas ciclistas de otros pa\u00edses est\u00e1n celosas de nosotras, pero no entienden que esto tambi\u00e9n tiene sus desventajas. A veces les digo que, si hubiera nacido en su pa\u00eds, probablemente habr\u00eda estado en los Juegos Ol\u00edmpicos tres veces\u201d.<\/p>\n<h3>Implicaciones para las ciclistas j\u00f3venes<\/h3>\n<p>Algunos argumentan que ser\u00eda mejor tener un deporte m\u00e1s global, porque al ver ciertas carreras de ciclocross uno podr\u00eda pensar que es una disciplina de una sola naci\u00f3n. Por otro lado, el p\u00fablico de las carreras de mujeres est\u00e1 en aumento, por lo que se puede decir que la emoci\u00f3n entre los aficionados va en aumento.<\/p>\n<p><a href=\"https:\/\/rawcyclingmag.com\/wp-content\/uploads\/2021\/02\/AW1_4276-e1613750125528.jpg\"><img decoding=\"async\" class=\"wp-image-13562 size-full aligncenter\" src=\"https:\/\/rawcyclingmag.com\/wp-content\/uploads\/2021\/02\/AW1_4276-e1613750125528.jpg\" alt=\"\" width=\"2000\" height=\"1233\" \/><\/a><\/p>\n<p>Aplicando algunos conceptos empresariales al ciclismo, un mayor grado de competencia deber\u00eda incrementar el rendimiento general debido a la necesidad de una mejora constante para mantenerse al d\u00eda con los requisitos para seguir siendo competitivo. Esto tambi\u00e9n significa que, las que (tanto las federaciones como los corredores individuales) que no son capaces de igualar este nivel de profesionalismo tienen que conformarse con el trozo m\u00e1s peque\u00f1o del pastel.<\/p>\n<blockquote><p>&#8220;Ahora hay un mayor riesgo de dejarlo todo porque es muy dif\u00edcil llegar al m\u00e1s alto nivel&#8221;<\/p><\/blockquote>\n<p>No existe una garant\u00eda para llegar a ser un profesional, independientemente de las habilidades f\u00edsicas y los recursos disponibles. \u201cAhora hay un mayor riesgo de dejarlo todo porque es muy dif\u00edcil llegar al m\u00e1s alto nivel\u201d &#8211; dice Iris. Afortunadamente, en The Cyclists&#8217; Alliance lo saben, y el programa de <em>mentorship<\/em> que fomentan es una buena forma para que las ciclistas expresen sus preocupaciones y reciban una soluci\u00f3n.<\/p>\n<p>Las ciclistas sin experiencia se emparejan con corredoras activas para obtener consejos durante las distintas etapas de su carrera, ya sea antes de llegar a la \u00e9lite, durante su trayectoria profesional o al retirarse. Las parejas no se basan en similitudes en t\u00e9rminos de habilidad, sino en experiencias vividas. Una joven escaladora no necesariamente ser\u00e1 asesorada por otra escaladora pero, en cambio, si viene de otro continente, ser\u00e1 ayudada por alguien que tambi\u00e9n tuvo que dejarlo todo para cumplir su sue\u00f1o en Europa. Una ciclista de Canad\u00e1 y otra de Australia es uno de los ejemplos que mencion\u00f3 Iris al respecto.<\/p>\n\n\t\t<style type=\"text\/css\">\n\t\t\t#gallery-5 {\n\t\t\t\tmargin: auto;\n\t\t\t}\n\t\t\t#gallery-5 .gallery-item {\n\t\t\t\tfloat: left;\n\t\t\t\tmargin-top: 10px;\n\t\t\t\ttext-align: center;\n\t\t\t\twidth: 33%;\n\t\t\t}\n\t\t\t#gallery-5 img {\n\t\t\t\tborder: 2px solid #cfcfcf;\n\t\t\t}\n\t\t\t#gallery-5 .gallery-caption {\n\t\t\t\tmargin-left: 0;\n\t\t\t}\n\t\t\t\/* see gallery_shortcode() in wp-includes\/media.php *\/\n\t\t<\/style>\n\t\t<div id='gallery-5' class='gallery galleryid-36831 gallery-columns-3 gallery-size-full'><dl class='gallery-item'>\n\t\t\t<dt class='gallery-icon landscape'>\n\t\t\t\t<a href='https:\/\/rawcyclingmag.com\/wp-content\/uploads\/2021\/02\/AW9_1157-e1613750150507.jpg'><img decoding=\"async\" width=\"2000\" height=\"1333\" src=\"https:\/\/rawcyclingmag.com\/wp-content\/uploads\/2021\/02\/AW9_1157-e1613750150507.jpg\" class=\"attachment-full size-full\" alt=\"\" \/><\/a>\n\t\t\t<\/dt><\/dl><dl class='gallery-item'>\n\t\t\t<dt class='gallery-icon landscape'>\n\t\t\t\t<a href='https:\/\/rawcyclingmag.com\/wp-content\/uploads\/2021\/02\/AW1_4400-e1613751349811.jpg'><img decoding=\"async\" width=\"2000\" height=\"1333\" src=\"https:\/\/rawcyclingmag.com\/wp-content\/uploads\/2021\/02\/AW1_4400-e1613751349811.jpg\" class=\"attachment-full size-full\" alt=\"\" \/><\/a>\n\t\t\t<\/dt><\/dl><dl class='gallery-item'>\n\t\t\t<dt class='gallery-icon landscape'>\n\t\t\t\t<a href='https:\/\/rawcyclingmag.com\/wp-content\/uploads\/2021\/02\/DSC_8865-e1613751388949.jpg'><img decoding=\"async\" width=\"2000\" height=\"1333\" src=\"https:\/\/rawcyclingmag.com\/wp-content\/uploads\/2021\/02\/DSC_8865-e1613751388949.jpg\" class=\"attachment-full size-full\" alt=\"\" \/><\/a>\n\t\t\t<\/dt><\/dl><br style=\"clear: both\" \/>\n\t\t<\/div>\n\n<p><a href=\"https:\/\/rawcyclingmag.com\/wp-content\/uploads\/2021\/02\/DSC_9153-e1613749983807.jpg\"><img decoding=\"async\" class=\"wp-image-13570 size-full aligncenter\" src=\"https:\/\/rawcyclingmag.com\/wp-content\/uploads\/2021\/02\/DSC_9153-e1613749983807.jpg\" alt=\"\" width=\"2000\" height=\"1333\" \/><\/a><\/p>\n<p>The Cyclists&#8217; Alliance seguir\u00e1 apoyando a ciclistas de todo el mundo, incluidas aquellas que, por ejemplo, tienen dificultades para competir por el simple pero lamentable hecho de no poder adquirir un visado para viajar al continente europeo.<\/p>\n<p>Con la ayuda de TCA, las ciclistas encontrar\u00e1n un mejor entorno de trabajo para poder demostrar de lo que son capaces en t\u00e9rminos de rendimiento, y entonces podremos ver si las ciclistas neerlandesas contin\u00faan con su hegemon\u00eda o la brecha comienza a estrecharse.<\/p>\n","protected":false},"excerpt":{"rendered":"<p>Ver a una ciclista neerlandesa al frente de una carrera es algo com\u00fan. Todos sabemos que en los Pa\u00edses Bajos<\/p>\n","protected":false},"author":11,"featured_media":30165,"comment_status":"open","ping_status":"closed","sticky":false,"template":"","format":"standard","meta":{"footnotes":""},"categories":[4079,3958],"tags":[],"class_list":["post-36831","post","type-post","status-publish","format-standard","has-post-thumbnail","hentry","category-destacado","category-noticias"],"yoast_head":"<!-- This site is optimized with the Yoast SEO Premium plugin v27.0 (Yoast SEO v27.0) - https:\/\/yoast.com\/product\/yoast-seo-premium-wordpress\/ -->\n<title>Ciclismo en los Pa\u00edses Bajos: disciplina, recursos y (muchos) \u00e9xitos - RAW Cycling Magazine<\/title>\n<meta name=\"robots\" content=\"index, follow, max-snippet:-1, max-image-preview:large, max-video-preview:-1\" \/>\n<link rel=\"canonical\" href=\"https:\/\/rawcyclingmag.com\/es\/ciclismo-en-los-paises-bajos-disciplina-recursos-y-muchos-exitos\/\" \/>\n<meta property=\"og:locale\" content=\"es_ES\" \/>\n<meta property=\"og:type\" content=\"article\" \/>\n<meta property=\"og:title\" content=\"Ciclismo en los Pa\u00edses Bajos: disciplina, recursos y (muchos) \u00e9xitos\" \/>\n<meta property=\"og:description\" content=\"Ver a una ciclista neerlandesa al frente de una carrera es algo com\u00fan. Todos sabemos que en los Pa\u00edses Bajos\" \/>\n<meta property=\"og:url\" content=\"https:\/\/rawcyclingmag.com\/es\/ciclismo-en-los-paises-bajos-disciplina-recursos-y-muchos-exitos\/\" \/>\n<meta property=\"og:site_name\" content=\"RAW Cycling Magazine\" \/>\n<meta property=\"article:publisher\" content=\"http:\/\/facebook.com\/rawcyclingmag\" \/>\n<meta property=\"article:published_time\" content=\"2021-02-22T21:30:53+00:00\" \/>\n<meta property=\"og:image\" content=\"https:\/\/rawcyclingmag.com\/wp-content\/uploads\/2021\/02\/DSC_8894-e1614028087101.jpg\" \/>\n\t<meta property=\"og:image:width\" content=\"2400\" \/>\n\t<meta property=\"og:image:height\" content=\"1350\" \/>\n\t<meta property=\"og:image:type\" content=\"image\/jpeg\" \/>\n<meta name=\"author\" content=\"Javi Angulo\" \/>\n<meta name=\"twitter:card\" content=\"summary_large_image\" \/>\n<meta name=\"twitter:creator\" content=\"@rawcyclingmag\" \/>\n<meta name=\"twitter:site\" content=\"@rawcyclingmag\" \/>\n<meta name=\"twitter:label1\" content=\"Escrito por\" \/>\n\t<meta name=\"twitter:data1\" content=\"Javi Angulo\" \/>\n\t<meta name=\"twitter:label2\" content=\"Tiempo de lectura\" \/>\n\t<meta name=\"twitter:data2\" content=\"8 minutos\" \/>\n<script type=\"application\/ld+json\" class=\"yoast-schema-graph\">{\"@context\":\"https:\/\/schema.org\",\"@graph\":[{\"@type\":\"Article\",\"@id\":\"https:\/\/rawcyclingmag.com\/es\/ciclismo-en-los-paises-bajos-disciplina-recursos-y-muchos-exitos\/#article\",\"isPartOf\":{\"@id\":\"https:\/\/rawcyclingmag.com\/es\/ciclismo-en-los-paises-bajos-disciplina-recursos-y-muchos-exitos\/\"},\"author\":{\"name\":\"Javi Angulo\",\"@id\":\"https:\/\/rawcyclingmag.com\/es\/#\/schema\/person\/9a9334e46cc1757dface39a245240ac2\"},\"headline\":\"Ciclismo en los Pa\u00edses Bajos: disciplina, recursos y (muchos) \u00e9xitos\",\"datePublished\":\"2021-02-22T21:30:53+00:00\",\"mainEntityOfPage\":{\"@id\":\"https:\/\/rawcyclingmag.com\/es\/ciclismo-en-los-paises-bajos-disciplina-recursos-y-muchos-exitos\/\"},\"wordCount\":1521,\"commentCount\":0,\"publisher\":{\"@id\":\"https:\/\/rawcyclingmag.com\/es\/#organization\"},\"image\":{\"@id\":\"https:\/\/rawcyclingmag.com\/es\/ciclismo-en-los-paises-bajos-disciplina-recursos-y-muchos-exitos\/#primaryimage\"},\"thumbnailUrl\":\"https:\/\/rawcyclingmag.com\/wp-content\/uploads\/2021\/02\/DSC_8894-e1614028087101.jpg\",\"articleSection\":[\"Destacado\",\"Noticias\"],\"inLanguage\":\"es\",\"potentialAction\":[{\"@type\":\"CommentAction\",\"name\":\"Comment\",\"target\":[\"https:\/\/rawcyclingmag.com\/es\/ciclismo-en-los-paises-bajos-disciplina-recursos-y-muchos-exitos\/#respond\"]}]},{\"@type\":\"WebPage\",\"@id\":\"https:\/\/rawcyclingmag.com\/es\/ciclismo-en-los-paises-bajos-disciplina-recursos-y-muchos-exitos\/\",\"url\":\"https:\/\/rawcyclingmag.com\/es\/ciclismo-en-los-paises-bajos-disciplina-recursos-y-muchos-exitos\/\",\"name\":\"Ciclismo en los Pa\u00edses Bajos: disciplina, recursos y (muchos) \u00e9xitos - RAW Cycling Magazine\",\"isPartOf\":{\"@id\":\"https:\/\/rawcyclingmag.com\/es\/#website\"},\"primaryImageOfPage\":{\"@id\":\"https:\/\/rawcyclingmag.com\/es\/ciclismo-en-los-paises-bajos-disciplina-recursos-y-muchos-exitos\/#primaryimage\"},\"image\":{\"@id\":\"https:\/\/rawcyclingmag.com\/es\/ciclismo-en-los-paises-bajos-disciplina-recursos-y-muchos-exitos\/#primaryimage\"},\"thumbnailUrl\":\"https:\/\/rawcyclingmag.com\/wp-content\/uploads\/2021\/02\/DSC_8894-e1614028087101.jpg\",\"datePublished\":\"2021-02-22T21:30:53+00:00\",\"breadcrumb\":{\"@id\":\"https:\/\/rawcyclingmag.com\/es\/ciclismo-en-los-paises-bajos-disciplina-recursos-y-muchos-exitos\/#breadcrumb\"},\"inLanguage\":\"es\",\"potentialAction\":[{\"@type\":\"ReadAction\",\"target\":[\"https:\/\/rawcyclingmag.com\/es\/ciclismo-en-los-paises-bajos-disciplina-recursos-y-muchos-exitos\/\"]}]},{\"@type\":\"ImageObject\",\"inLanguage\":\"es\",\"@id\":\"https:\/\/rawcyclingmag.com\/es\/ciclismo-en-los-paises-bajos-disciplina-recursos-y-muchos-exitos\/#primaryimage\",\"url\":\"https:\/\/rawcyclingmag.com\/wp-content\/uploads\/2021\/02\/DSC_8894-e1614028087101.jpg\",\"contentUrl\":\"https:\/\/rawcyclingmag.com\/wp-content\/uploads\/2021\/02\/DSC_8894-e1614028087101.jpg\",\"width\":2400,\"height\":1350},{\"@type\":\"BreadcrumbList\",\"@id\":\"https:\/\/rawcyclingmag.com\/es\/ciclismo-en-los-paises-bajos-disciplina-recursos-y-muchos-exitos\/#breadcrumb\",\"itemListElement\":[{\"@type\":\"ListItem\",\"position\":1,\"name\":\"Portada\",\"item\":\"https:\/\/rawcyclingmag.com\/es\/\"},{\"@type\":\"ListItem\",\"position\":2,\"name\":\"Ciclismo en los Pa\u00edses Bajos: disciplina, recursos y (muchos) \u00e9xitos\"}]},{\"@type\":\"WebSite\",\"@id\":\"https:\/\/rawcyclingmag.com\/es\/#website\",\"url\":\"https:\/\/rawcyclingmag.com\/es\/\",\"name\":\"RAW Cycling Magazine\",\"description\":\"\",\"publisher\":{\"@id\":\"https:\/\/rawcyclingmag.com\/es\/#organization\"},\"potentialAction\":[{\"@type\":\"SearchAction\",\"target\":{\"@type\":\"EntryPoint\",\"urlTemplate\":\"https:\/\/rawcyclingmag.com\/es\/?s={search_term_string}\"},\"query-input\":{\"@type\":\"PropertyValueSpecification\",\"valueRequired\":true,\"valueName\":\"search_term_string\"}}],\"inLanguage\":\"es\"},{\"@type\":\"Organization\",\"@id\":\"https:\/\/rawcyclingmag.com\/es\/#organization\",\"name\":\"RAW Cycling Magazine\",\"url\":\"https:\/\/rawcyclingmag.com\/es\/\",\"logo\":{\"@type\":\"ImageObject\",\"inLanguage\":\"es\",\"@id\":\"https:\/\/rawcyclingmag.com\/es\/#\/schema\/logo\/image\/\",\"url\":\"https:\/\/rawcyclingmag.com\/wp-content\/uploads\/2018\/03\/RawMagazine.orange.medium.png\",\"contentUrl\":\"https:\/\/rawcyclingmag.com\/wp-content\/uploads\/2018\/03\/RawMagazine.orange.medium.png\",\"width\":300,\"height\":140,\"caption\":\"RAW Cycling Magazine\"},\"image\":{\"@id\":\"https:\/\/rawcyclingmag.com\/es\/#\/schema\/logo\/image\/\"},\"sameAs\":[\"http:\/\/facebook.com\/rawcyclingmag\",\"https:\/\/x.com\/rawcyclingmag\",\"http:\/\/instagram.com\/rawcyclingmag\"]},{\"@type\":\"Person\",\"@id\":\"https:\/\/rawcyclingmag.com\/es\/#\/schema\/person\/9a9334e46cc1757dface39a245240ac2\",\"name\":\"Javi Angulo\",\"image\":{\"@type\":\"ImageObject\",\"inLanguage\":\"es\",\"@id\":\"https:\/\/rawcyclingmag.com\/es\/#\/schema\/person\/image\/\",\"url\":\"https:\/\/secure.gravatar.com\/avatar\/43ed55df3e74b6c072beb9233deb1a217e863d4c5f7f1b3e22ac72c861b226df?s=96&d=mm&r=g\",\"contentUrl\":\"https:\/\/secure.gravatar.com\/avatar\/43ed55df3e74b6c072beb9233deb1a217e863d4c5f7f1b3e22ac72c861b226df?s=96&d=mm&r=g\",\"caption\":\"Javi Angulo\"},\"description\":\"Javi es nuestro corresponsal en B\u00e9lgica, y trata de contrarrestar su obsesiva pasi\u00f3n por el an\u00e1lisis de datos con la relajante acci\u00f3n (o eso es lo que dice) de crear contenido para la revista. Javi is based in Belgium and tries to compensate for his obsessive passion for data analytics with the relaxing action (that's what he says) of creating content for the magazine.\",\"sameAs\":[\"https:\/\/www.instagram.com\/javiangulog\/\"],\"url\":\"https:\/\/rawcyclingmag.com\/es\/author\/javi\/\"}]}<\/script>\n<!-- \/ Yoast SEO Premium plugin. -->","yoast_head_json":{"title":"Ciclismo en los Pa\u00edses Bajos: disciplina, recursos y (muchos) \u00e9xitos - RAW Cycling Magazine","robots":{"index":"index","follow":"follow","max-snippet":"max-snippet:-1","max-image-preview":"max-image-preview:large","max-video-preview":"max-video-preview:-1"},"canonical":"https:\/\/rawcyclingmag.com\/es\/ciclismo-en-los-paises-bajos-disciplina-recursos-y-muchos-exitos\/","og_locale":"es_ES","og_type":"article","og_title":"Ciclismo en los Pa\u00edses Bajos: disciplina, recursos y (muchos) \u00e9xitos","og_description":"Ver a una ciclista neerlandesa al frente de una carrera es algo com\u00fan. Todos sabemos que en los Pa\u00edses Bajos","og_url":"https:\/\/rawcyclingmag.com\/es\/ciclismo-en-los-paises-bajos-disciplina-recursos-y-muchos-exitos\/","og_site_name":"RAW Cycling Magazine","article_publisher":"http:\/\/facebook.com\/rawcyclingmag","article_published_time":"2021-02-22T21:30:53+00:00","og_image":[{"width":2400,"height":1350,"url":"https:\/\/rawcyclingmag.com\/wp-content\/uploads\/2021\/02\/DSC_8894-e1614028087101.jpg","type":"image\/jpeg"}],"author":"Javi Angulo","twitter_card":"summary_large_image","twitter_creator":"@rawcyclingmag","twitter_site":"@rawcyclingmag","twitter_misc":{"Escrito por":"Javi Angulo","Tiempo de lectura":"8 minutos"},"schema":{"@context":"https:\/\/schema.org","@graph":[{"@type":"Article","@id":"https:\/\/rawcyclingmag.com\/es\/ciclismo-en-los-paises-bajos-disciplina-recursos-y-muchos-exitos\/#article","isPartOf":{"@id":"https:\/\/rawcyclingmag.com\/es\/ciclismo-en-los-paises-bajos-disciplina-recursos-y-muchos-exitos\/"},"author":{"name":"Javi Angulo","@id":"https:\/\/rawcyclingmag.com\/es\/#\/schema\/person\/9a9334e46cc1757dface39a245240ac2"},"headline":"Ciclismo en los Pa\u00edses Bajos: disciplina, recursos y (muchos) \u00e9xitos","datePublished":"2021-02-22T21:30:53+00:00","mainEntityOfPage":{"@id":"https:\/\/rawcyclingmag.com\/es\/ciclismo-en-los-paises-bajos-disciplina-recursos-y-muchos-exitos\/"},"wordCount":1521,"commentCount":0,"publisher":{"@id":"https:\/\/rawcyclingmag.com\/es\/#organization"},"image":{"@id":"https:\/\/rawcyclingmag.com\/es\/ciclismo-en-los-paises-bajos-disciplina-recursos-y-muchos-exitos\/#primaryimage"},"thumbnailUrl":"https:\/\/rawcyclingmag.com\/wp-content\/uploads\/2021\/02\/DSC_8894-e1614028087101.jpg","articleSection":["Destacado","Noticias"],"inLanguage":"es","potentialAction":[{"@type":"CommentAction","name":"Comment","target":["https:\/\/rawcyclingmag.com\/es\/ciclismo-en-los-paises-bajos-disciplina-recursos-y-muchos-exitos\/#respond"]}]},{"@type":"WebPage","@id":"https:\/\/rawcyclingmag.com\/es\/ciclismo-en-los-paises-bajos-disciplina-recursos-y-muchos-exitos\/","url":"https:\/\/rawcyclingmag.com\/es\/ciclismo-en-los-paises-bajos-disciplina-recursos-y-muchos-exitos\/","name":"Ciclismo en los Pa\u00edses Bajos: disciplina, recursos y (muchos) \u00e9xitos - RAW Cycling Magazine","isPartOf":{"@id":"https:\/\/rawcyclingmag.com\/es\/#website"},"primaryImageOfPage":{"@id":"https:\/\/rawcyclingmag.com\/es\/ciclismo-en-los-paises-bajos-disciplina-recursos-y-muchos-exitos\/#primaryimage"},"image":{"@id":"https:\/\/rawcyclingmag.com\/es\/ciclismo-en-los-paises-bajos-disciplina-recursos-y-muchos-exitos\/#primaryimage"},"thumbnailUrl":"https:\/\/rawcyclingmag.com\/wp-content\/uploads\/2021\/02\/DSC_8894-e1614028087101.jpg","datePublished":"2021-02-22T21:30:53+00:00","breadcrumb":{"@id":"https:\/\/rawcyclingmag.com\/es\/ciclismo-en-los-paises-bajos-disciplina-recursos-y-muchos-exitos\/#breadcrumb"},"inLanguage":"es","potentialAction":[{"@type":"ReadAction","target":["https:\/\/rawcyclingmag.com\/es\/ciclismo-en-los-paises-bajos-disciplina-recursos-y-muchos-exitos\/"]}]},{"@type":"ImageObject","inLanguage":"es","@id":"https:\/\/rawcyclingmag.com\/es\/ciclismo-en-los-paises-bajos-disciplina-recursos-y-muchos-exitos\/#primaryimage","url":"https:\/\/rawcyclingmag.com\/wp-content\/uploads\/2021\/02\/DSC_8894-e1614028087101.jpg","contentUrl":"https:\/\/rawcyclingmag.com\/wp-content\/uploads\/2021\/02\/DSC_8894-e1614028087101.jpg","width":2400,"height":1350},{"@type":"BreadcrumbList","@id":"https:\/\/rawcyclingmag.com\/es\/ciclismo-en-los-paises-bajos-disciplina-recursos-y-muchos-exitos\/#breadcrumb","itemListElement":[{"@type":"ListItem","position":1,"name":"Portada","item":"https:\/\/rawcyclingmag.com\/es\/"},{"@type":"ListItem","position":2,"name":"Ciclismo en los Pa\u00edses Bajos: disciplina, recursos y (muchos) \u00e9xitos"}]},{"@type":"WebSite","@id":"https:\/\/rawcyclingmag.com\/es\/#website","url":"https:\/\/rawcyclingmag.com\/es\/","name":"RAW Cycling Magazine","description":"","publisher":{"@id":"https:\/\/rawcyclingmag.com\/es\/#organization"},"potentialAction":[{"@type":"SearchAction","target":{"@type":"EntryPoint","urlTemplate":"https:\/\/rawcyclingmag.com\/es\/?s={search_term_string}"},"query-input":{"@type":"PropertyValueSpecification","valueRequired":true,"valueName":"search_term_string"}}],"inLanguage":"es"},{"@type":"Organization","@id":"https:\/\/rawcyclingmag.com\/es\/#organization","name":"RAW Cycling Magazine","url":"https:\/\/rawcyclingmag.com\/es\/","logo":{"@type":"ImageObject","inLanguage":"es","@id":"https:\/\/rawcyclingmag.com\/es\/#\/schema\/logo\/image\/","url":"https:\/\/rawcyclingmag.com\/wp-content\/uploads\/2018\/03\/RawMagazine.orange.medium.png","contentUrl":"https:\/\/rawcyclingmag.com\/wp-content\/uploads\/2018\/03\/RawMagazine.orange.medium.png","width":300,"height":140,"caption":"RAW Cycling Magazine"},"image":{"@id":"https:\/\/rawcyclingmag.com\/es\/#\/schema\/logo\/image\/"},"sameAs":["http:\/\/facebook.com\/rawcyclingmag","https:\/\/x.com\/rawcyclingmag","http:\/\/instagram.com\/rawcyclingmag"]},{"@type":"Person","@id":"https:\/\/rawcyclingmag.com\/es\/#\/schema\/person\/9a9334e46cc1757dface39a245240ac2","name":"Javi Angulo","image":{"@type":"ImageObject","inLanguage":"es","@id":"https:\/\/rawcyclingmag.com\/es\/#\/schema\/person\/image\/","url":"https:\/\/secure.gravatar.com\/avatar\/43ed55df3e74b6c072beb9233deb1a217e863d4c5f7f1b3e22ac72c861b226df?s=96&d=mm&r=g","contentUrl":"https:\/\/secure.gravatar.com\/avatar\/43ed55df3e74b6c072beb9233deb1a217e863d4c5f7f1b3e22ac72c861b226df?s=96&d=mm&r=g","caption":"Javi Angulo"},"description":"Javi es nuestro corresponsal en B\u00e9lgica, y trata de contrarrestar su obsesiva pasi\u00f3n por el an\u00e1lisis de datos con la relajante acci\u00f3n (o eso es lo que dice) de crear contenido para la revista. Javi is based in Belgium and tries to compensate for his obsessive passion for data analytics with the relaxing action (that's what he says) of creating content for the magazine.","sameAs":["https:\/\/www.instagram.com\/javiangulog\/"],"url":"https:\/\/rawcyclingmag.com\/es\/author\/javi\/"}]}},"_links":{"self":[{"href":"https:\/\/rawcyclingmag.com\/es\/wp-json\/wp\/v2\/posts\/36831","targetHints":{"allow":["GET"]}}],"collection":[{"href":"https:\/\/rawcyclingmag.com\/es\/wp-json\/wp\/v2\/posts"}],"about":[{"href":"https:\/\/rawcyclingmag.com\/es\/wp-json\/wp\/v2\/types\/post"}],"author":[{"embeddable":true,"href":"https:\/\/rawcyclingmag.com\/es\/wp-json\/wp\/v2\/users\/11"}],"replies":[{"embeddable":true,"href":"https:\/\/rawcyclingmag.com\/es\/wp-json\/wp\/v2\/comments?post=36831"}],"version-history":[{"count":0,"href":"https:\/\/rawcyclingmag.com\/es\/wp-json\/wp\/v2\/posts\/36831\/revisions"}],"wp:featuredmedia":[{"embeddable":true,"href":"https:\/\/rawcyclingmag.com\/es\/wp-json\/wp\/v2\/media\/30165"}],"wp:attachment":[{"href":"https:\/\/rawcyclingmag.com\/es\/wp-json\/wp\/v2\/media?parent=36831"}],"wp:term":[{"taxonomy":"category","embeddable":true,"href":"https:\/\/rawcyclingmag.com\/es\/wp-json\/wp\/v2\/categories?post=36831"},{"taxonomy":"post_tag","embeddable":true,"href":"https:\/\/rawcyclingmag.com\/es\/wp-json\/wp\/v2\/tags?post=36831"}],"curies":[{"name":"wp","href":"https:\/\/api.w.org\/{rel}","templated":true}]}}