{"id":36759,"date":"2020-09-24T21:36:07","date_gmt":"2020-09-24T19:36:07","guid":{"rendered":"https:\/\/raw.ecoolabs.com\/chris-hall-107-millas-al-dia-durante-el-tour-de-francia\/"},"modified":"2020-09-24T21:36:07","modified_gmt":"2020-09-24T19:36:07","slug":"chris-hall-107-millas-al-dia-durante-el-tour-de-francia","status":"publish","type":"post","link":"https:\/\/rawcyclingmag.com\/es\/chris-hall-107-millas-al-dia-durante-el-tour-de-francia\/","title":{"rendered":"Chris Hall: 107 millas al d\u00eda durante el Tour de Francia"},"content":{"rendered":"<p><span style=\"font-weight: 400\">Mientras se realizaba el Tour de Francia hace apenas unos d\u00edas, <\/span><a href=\"https:\/\/www.instagram.com\/chrishallrides\/\" target=\"_blank\" rel=\"noopener noreferrer\"><span style=\"font-weight: 400\">Chris Hall<\/span><\/a><span style=\"font-weight: 400\"> recorr\u00eda al mismo tiempo un m\u00ednimo de 107 millas por d\u00eda para concienciar al mundo sobre el <\/span><a href=\"https:\/\/thepacecentre.org\/\" target=\"_blank\" rel=\"noopener noreferrer\"><span style=\"font-weight: 400\">Pace Centre<\/span><\/a><span style=\"font-weight: 400\">, una escuela infantil para ni\u00f1os con trastornos de la motricidad.<\/span><\/p>\n<p><span style=\"font-weight: 400\">El list\u00f3n no se estableci\u00f3 al azar, ya que \u00e9l tiene una conexi\u00f3n especial con el n\u00famero 107. Hist\u00f3ricamente, la organizaci\u00f3n ben\u00e9fica brind\u00f3 su apoyo y terapia a 107 ni\u00f1os, porque era la cantidad m\u00e1xima de personas que pod\u00edan cuidar. Adem\u00e1s, esta ha sido la 107\u00aa edici\u00f3n del Tour. Su primer desaf\u00edo que involucr\u00f3 al Pace Centre ya se mont\u00f3 alrededor de ese d\u00edgito en particular, y desde entonces, ha sido el denominador com\u00fan de la mayor\u00eda de sus desaf\u00edos. El n\u00famero incluso est\u00e1 tatuado en su piel.<\/span><\/p>\n<h3><b>Similitudes y diferencias<\/b><\/h3>\n<p><span style=\"font-weight: 400\">Para honrar a la prueba francesa, quer\u00eda completar el recorrido real del Tour de Francia, pero cuando se hizo evidente que las restricciones de viaje ser\u00edan un impedimento, recurri\u00f3 a su sentido creativo para planificar algo en el Reino Unido, y se le ocurri\u00f3 la idea de llegar a la distancia deseada alcanzando los puntos m\u00e1s extremos (norte, sur, este y oeste) de la isla. La planificaci\u00f3n no fue f\u00e1cil, ya que no quer\u00eda recorrer m\u00e1s de 107 millas (unos 172 kil\u00f3metros) cada d\u00eda, pero ten\u00eda que terminar cada d\u00eda en un lugar con alojamiento disponible.<\/span><\/p>\n\n\t\t<style type=\"text\/css\">\n\t\t\t#gallery-1 {\n\t\t\t\tmargin: auto;\n\t\t\t}\n\t\t\t#gallery-1 .gallery-item {\n\t\t\t\tfloat: left;\n\t\t\t\tmargin-top: 10px;\n\t\t\t\ttext-align: center;\n\t\t\t\twidth: 50%;\n\t\t\t}\n\t\t\t#gallery-1 img {\n\t\t\t\tborder: 2px solid #cfcfcf;\n\t\t\t}\n\t\t\t#gallery-1 .gallery-caption {\n\t\t\t\tmargin-left: 0;\n\t\t\t}\n\t\t\t\/* see gallery_shortcode() in wp-includes\/media.php *\/\n\t\t<\/style>\n\t\t<div id='gallery-1' class='gallery galleryid-36759 gallery-columns-2 gallery-size-full'><dl class='gallery-item'>\n\t\t\t<dt class='gallery-icon landscape'>\n\t\t\t\t<a href='https:\/\/rawcyclingmag.com\/wp-content\/uploads\/2020\/09\/8f9757e1-892f-4b1e-ad4d-9a14f463cc8a.jpg'><img decoding=\"async\" width=\"1600\" height=\"1066\" src=\"https:\/\/rawcyclingmag.com\/wp-content\/uploads\/2020\/09\/8f9757e1-892f-4b1e-ad4d-9a14f463cc8a.jpg\" class=\"attachment-full size-full\" alt=\"\" srcset=\"https:\/\/rawcyclingmag.com\/wp-content\/uploads\/2020\/09\/8f9757e1-892f-4b1e-ad4d-9a14f463cc8a.jpg 1600w, https:\/\/rawcyclingmag.com\/wp-content\/uploads\/2020\/09\/8f9757e1-892f-4b1e-ad4d-9a14f463cc8a-300x200.jpg 300w, https:\/\/rawcyclingmag.com\/wp-content\/uploads\/2020\/09\/8f9757e1-892f-4b1e-ad4d-9a14f463cc8a-1024x682.jpg 1024w, https:\/\/rawcyclingmag.com\/wp-content\/uploads\/2020\/09\/8f9757e1-892f-4b1e-ad4d-9a14f463cc8a-768x512.jpg 768w, https:\/\/rawcyclingmag.com\/wp-content\/uploads\/2020\/09\/8f9757e1-892f-4b1e-ad4d-9a14f463cc8a-1536x1023.jpg 1536w, https:\/\/rawcyclingmag.com\/wp-content\/uploads\/2020\/09\/8f9757e1-892f-4b1e-ad4d-9a14f463cc8a-600x400.jpg 600w, https:\/\/rawcyclingmag.com\/wp-content\/uploads\/2020\/09\/8f9757e1-892f-4b1e-ad4d-9a14f463cc8a-272x182.jpg 272w\" sizes=\"(max-width: 1600px) 100vw, 1600px\" \/><\/a>\n\t\t\t<\/dt><\/dl><dl class='gallery-item'>\n\t\t\t<dt class='gallery-icon landscape'>\n\t\t\t\t<a href='https:\/\/rawcyclingmag.com\/wp-content\/uploads\/2020\/09\/6deb2f94-4911-4234-8d34-4d1acc630894.jpg'><img decoding=\"async\" width=\"1600\" height=\"1066\" src=\"https:\/\/rawcyclingmag.com\/wp-content\/uploads\/2020\/09\/6deb2f94-4911-4234-8d34-4d1acc630894.jpg\" class=\"attachment-full size-full\" alt=\"\" srcset=\"https:\/\/rawcyclingmag.com\/wp-content\/uploads\/2020\/09\/6deb2f94-4911-4234-8d34-4d1acc630894.jpg 1600w, https:\/\/rawcyclingmag.com\/wp-content\/uploads\/2020\/09\/6deb2f94-4911-4234-8d34-4d1acc630894-300x200.jpg 300w, https:\/\/rawcyclingmag.com\/wp-content\/uploads\/2020\/09\/6deb2f94-4911-4234-8d34-4d1acc630894-1024x682.jpg 1024w, https:\/\/rawcyclingmag.com\/wp-content\/uploads\/2020\/09\/6deb2f94-4911-4234-8d34-4d1acc630894-768x512.jpg 768w, https:\/\/rawcyclingmag.com\/wp-content\/uploads\/2020\/09\/6deb2f94-4911-4234-8d34-4d1acc630894-1536x1023.jpg 1536w, https:\/\/rawcyclingmag.com\/wp-content\/uploads\/2020\/09\/6deb2f94-4911-4234-8d34-4d1acc630894-600x400.jpg 600w, https:\/\/rawcyclingmag.com\/wp-content\/uploads\/2020\/09\/6deb2f94-4911-4234-8d34-4d1acc630894-272x182.jpg 272w\" sizes=\"(max-width: 1600px) 100vw, 1600px\" \/><\/a>\n\t\t\t<\/dt><\/dl><br style=\"clear: both\" \/>\n\t\t<\/div>\n\n\n\t\t<style type=\"text\/css\">\n\t\t\t#gallery-2 {\n\t\t\t\tmargin: auto;\n\t\t\t}\n\t\t\t#gallery-2 .gallery-item {\n\t\t\t\tfloat: left;\n\t\t\t\tmargin-top: 10px;\n\t\t\t\ttext-align: center;\n\t\t\t\twidth: 33%;\n\t\t\t}\n\t\t\t#gallery-2 img {\n\t\t\t\tborder: 2px solid #cfcfcf;\n\t\t\t}\n\t\t\t#gallery-2 .gallery-caption {\n\t\t\t\tmargin-left: 0;\n\t\t\t}\n\t\t\t\/* see gallery_shortcode() in wp-includes\/media.php *\/\n\t\t<\/style>\n\t\t<div id='gallery-2' class='gallery galleryid-36759 gallery-columns-3 gallery-size-full'><dl class='gallery-item'>\n\t\t\t<dt class='gallery-icon landscape'>\n\t\t\t\t<a href='https:\/\/rawcyclingmag.com\/wp-content\/uploads\/2020\/09\/6e387025-b3dc-499d-a512-472203fe0ae5.jpg'><img decoding=\"async\" width=\"1600\" height=\"1066\" src=\"https:\/\/rawcyclingmag.com\/wp-content\/uploads\/2020\/09\/6e387025-b3dc-499d-a512-472203fe0ae5.jpg\" class=\"attachment-full size-full\" alt=\"\" srcset=\"https:\/\/rawcyclingmag.com\/wp-content\/uploads\/2020\/09\/6e387025-b3dc-499d-a512-472203fe0ae5.jpg 1600w, https:\/\/rawcyclingmag.com\/wp-content\/uploads\/2020\/09\/6e387025-b3dc-499d-a512-472203fe0ae5-300x200.jpg 300w, https:\/\/rawcyclingmag.com\/wp-content\/uploads\/2020\/09\/6e387025-b3dc-499d-a512-472203fe0ae5-1024x682.jpg 1024w, https:\/\/rawcyclingmag.com\/wp-content\/uploads\/2020\/09\/6e387025-b3dc-499d-a512-472203fe0ae5-768x512.jpg 768w, https:\/\/rawcyclingmag.com\/wp-content\/uploads\/2020\/09\/6e387025-b3dc-499d-a512-472203fe0ae5-1536x1023.jpg 1536w, https:\/\/rawcyclingmag.com\/wp-content\/uploads\/2020\/09\/6e387025-b3dc-499d-a512-472203fe0ae5-600x400.jpg 600w, https:\/\/rawcyclingmag.com\/wp-content\/uploads\/2020\/09\/6e387025-b3dc-499d-a512-472203fe0ae5-272x182.jpg 272w\" sizes=\"(max-width: 1600px) 100vw, 1600px\" \/><\/a>\n\t\t\t<\/dt><\/dl><dl class='gallery-item'>\n\t\t\t<dt class='gallery-icon landscape'>\n\t\t\t\t<a href='https:\/\/rawcyclingmag.com\/wp-content\/uploads\/2020\/09\/418465b6-1379-44c0-8a1d-a65cedb4ab48.jpg'><img decoding=\"async\" width=\"1600\" height=\"1066\" src=\"https:\/\/rawcyclingmag.com\/wp-content\/uploads\/2020\/09\/418465b6-1379-44c0-8a1d-a65cedb4ab48.jpg\" class=\"attachment-full size-full\" alt=\"\" srcset=\"https:\/\/rawcyclingmag.com\/wp-content\/uploads\/2020\/09\/418465b6-1379-44c0-8a1d-a65cedb4ab48.jpg 1600w, https:\/\/rawcyclingmag.com\/wp-content\/uploads\/2020\/09\/418465b6-1379-44c0-8a1d-a65cedb4ab48-300x200.jpg 300w, https:\/\/rawcyclingmag.com\/wp-content\/uploads\/2020\/09\/418465b6-1379-44c0-8a1d-a65cedb4ab48-1024x682.jpg 1024w, https:\/\/rawcyclingmag.com\/wp-content\/uploads\/2020\/09\/418465b6-1379-44c0-8a1d-a65cedb4ab48-768x512.jpg 768w, https:\/\/rawcyclingmag.com\/wp-content\/uploads\/2020\/09\/418465b6-1379-44c0-8a1d-a65cedb4ab48-1536x1023.jpg 1536w, https:\/\/rawcyclingmag.com\/wp-content\/uploads\/2020\/09\/418465b6-1379-44c0-8a1d-a65cedb4ab48-600x400.jpg 600w, https:\/\/rawcyclingmag.com\/wp-content\/uploads\/2020\/09\/418465b6-1379-44c0-8a1d-a65cedb4ab48-272x182.jpg 272w\" sizes=\"(max-width: 1600px) 100vw, 1600px\" \/><\/a>\n\t\t\t<\/dt><\/dl><dl class='gallery-item'>\n\t\t\t<dt class='gallery-icon landscape'>\n\t\t\t\t<a href='https:\/\/rawcyclingmag.com\/wp-content\/uploads\/2020\/09\/773a2e97-64c9-4eb4-8f08-f365149f0b32.jpg'><img decoding=\"async\" width=\"1600\" height=\"1066\" src=\"https:\/\/rawcyclingmag.com\/wp-content\/uploads\/2020\/09\/773a2e97-64c9-4eb4-8f08-f365149f0b32.jpg\" class=\"attachment-full size-full\" alt=\"\" srcset=\"https:\/\/rawcyclingmag.com\/wp-content\/uploads\/2020\/09\/773a2e97-64c9-4eb4-8f08-f365149f0b32.jpg 1600w, https:\/\/rawcyclingmag.com\/wp-content\/uploads\/2020\/09\/773a2e97-64c9-4eb4-8f08-f365149f0b32-300x200.jpg 300w, https:\/\/rawcyclingmag.com\/wp-content\/uploads\/2020\/09\/773a2e97-64c9-4eb4-8f08-f365149f0b32-1024x682.jpg 1024w, https:\/\/rawcyclingmag.com\/wp-content\/uploads\/2020\/09\/773a2e97-64c9-4eb4-8f08-f365149f0b32-768x512.jpg 768w, https:\/\/rawcyclingmag.com\/wp-content\/uploads\/2020\/09\/773a2e97-64c9-4eb4-8f08-f365149f0b32-1536x1023.jpg 1536w, https:\/\/rawcyclingmag.com\/wp-content\/uploads\/2020\/09\/773a2e97-64c9-4eb4-8f08-f365149f0b32-600x400.jpg 600w, https:\/\/rawcyclingmag.com\/wp-content\/uploads\/2020\/09\/773a2e97-64c9-4eb4-8f08-f365149f0b32-272x182.jpg 272w\" sizes=\"(max-width: 1600px) 100vw, 1600px\" \/><\/a>\n\t\t\t<\/dt><\/dl><br style=\"clear: both\" \/>\n\t\t<\/div>\n\n<p><span style=\"font-weight: 400\">Bajo el nombre de 107TDF, este proyecto comenzar\u00eda el mismo d\u00eda que el Tour, con los mismos d\u00edas de descanso que los profesionales m\u00e1s un d\u00eda de descanso adicional, similar a la contrarreloj de los ciclistas en Francia.<\/span><\/p>\n<p><span style=\"font-weight: 400\">El pelot\u00f3n profesional tuvo que afrontar una de las ediciones m\u00e1s duras de la carrera, pero el clima del Reino Unido, adem\u00e1s del hecho de correr esa distancia solo, hizo que ambas haza\u00f1as fueran igualmente desafiantes. El Reino Unido no es el lugar \u00f3ptimo para montar en bici, y es habitual enfrentarse a un viento en contra constante que te saca de quicio y te hace pensar en tus malas decisiones. Tambi\u00e9n hay que a\u00f1adir la incertidumbre, porque Chris nunca hab\u00eda pasado antes por la mayor\u00eda de las carreteras de la ruta. En algunos puntos fue como adentrarse en lo desconocido, aunque ya hab\u00eda tenido en cuenta cualquier escenario posible.<\/span><\/p>\n<h3><b>Nunca solo<\/b><\/h3>\n<p><span style=\"font-weight: 400\">Ya desde el principio, Chris se sinti\u00f3 abrumado por la cantidad de apoyo que estaba recibiendo en las redes sociales pero tambi\u00e9n en la carretera, con ciclistas que se un\u00edan a \u00e9l cada d\u00eda y actuaban como refugio cuando era necesario porque, aunque durante los primeros d\u00edas las piernas a\u00fan estaban frescas, cuantas m\u00e1s energ\u00edas pudiera ahorrar para m\u00e1s tarde, mejor. Durante el transcurso de las tres semanas, se implementaron medidas m\u00e1s restrictivas en el Reino Unido, por lo que no todos pudieron acompa\u00f1ar a Chris al mismo tiempo. No obstante, puede contar con las manos el n\u00famero de horas que rod\u00f3 solo.<\/span><\/p>\n\n\t\t<style type=\"text\/css\">\n\t\t\t#gallery-3 {\n\t\t\t\tmargin: auto;\n\t\t\t}\n\t\t\t#gallery-3 .gallery-item {\n\t\t\t\tfloat: left;\n\t\t\t\tmargin-top: 10px;\n\t\t\t\ttext-align: center;\n\t\t\t\twidth: 25%;\n\t\t\t}\n\t\t\t#gallery-3 img {\n\t\t\t\tborder: 2px solid #cfcfcf;\n\t\t\t}\n\t\t\t#gallery-3 .gallery-caption {\n\t\t\t\tmargin-left: 0;\n\t\t\t}\n\t\t\t\/* see gallery_shortcode() in wp-includes\/media.php *\/\n\t\t<\/style>\n\t\t<div id='gallery-3' class='gallery galleryid-36759 gallery-columns-4 gallery-size-full'><dl class='gallery-item'>\n\t\t\t<dt class='gallery-icon landscape'>\n\t\t\t\t<a href='https:\/\/rawcyclingmag.com\/wp-content\/uploads\/2020\/09\/6670511c-cf7b-4b84-87cd-eac7829e5814.jpg'><img decoding=\"async\" width=\"1600\" height=\"1066\" src=\"https:\/\/rawcyclingmag.com\/wp-content\/uploads\/2020\/09\/6670511c-cf7b-4b84-87cd-eac7829e5814.jpg\" class=\"attachment-full size-full\" alt=\"\" srcset=\"https:\/\/rawcyclingmag.com\/wp-content\/uploads\/2020\/09\/6670511c-cf7b-4b84-87cd-eac7829e5814.jpg 1600w, https:\/\/rawcyclingmag.com\/wp-content\/uploads\/2020\/09\/6670511c-cf7b-4b84-87cd-eac7829e5814-300x200.jpg 300w, https:\/\/rawcyclingmag.com\/wp-content\/uploads\/2020\/09\/6670511c-cf7b-4b84-87cd-eac7829e5814-1024x682.jpg 1024w, https:\/\/rawcyclingmag.com\/wp-content\/uploads\/2020\/09\/6670511c-cf7b-4b84-87cd-eac7829e5814-768x512.jpg 768w, https:\/\/rawcyclingmag.com\/wp-content\/uploads\/2020\/09\/6670511c-cf7b-4b84-87cd-eac7829e5814-1536x1023.jpg 1536w, https:\/\/rawcyclingmag.com\/wp-content\/uploads\/2020\/09\/6670511c-cf7b-4b84-87cd-eac7829e5814-600x400.jpg 600w, https:\/\/rawcyclingmag.com\/wp-content\/uploads\/2020\/09\/6670511c-cf7b-4b84-87cd-eac7829e5814-272x182.jpg 272w\" sizes=\"(max-width: 1600px) 100vw, 1600px\" \/><\/a>\n\t\t\t<\/dt><\/dl><dl class='gallery-item'>\n\t\t\t<dt class='gallery-icon landscape'>\n\t\t\t\t<a href='https:\/\/rawcyclingmag.com\/wp-content\/uploads\/2020\/09\/3689973c-3bb5-4bca-ab83-4ac55a6da429.jpg'><img decoding=\"async\" width=\"1600\" height=\"1066\" src=\"https:\/\/rawcyclingmag.com\/wp-content\/uploads\/2020\/09\/3689973c-3bb5-4bca-ab83-4ac55a6da429.jpg\" class=\"attachment-full size-full\" alt=\"\" srcset=\"https:\/\/rawcyclingmag.com\/wp-content\/uploads\/2020\/09\/3689973c-3bb5-4bca-ab83-4ac55a6da429.jpg 1600w, https:\/\/rawcyclingmag.com\/wp-content\/uploads\/2020\/09\/3689973c-3bb5-4bca-ab83-4ac55a6da429-300x200.jpg 300w, https:\/\/rawcyclingmag.com\/wp-content\/uploads\/2020\/09\/3689973c-3bb5-4bca-ab83-4ac55a6da429-1024x682.jpg 1024w, https:\/\/rawcyclingmag.com\/wp-content\/uploads\/2020\/09\/3689973c-3bb5-4bca-ab83-4ac55a6da429-768x512.jpg 768w, https:\/\/rawcyclingmag.com\/wp-content\/uploads\/2020\/09\/3689973c-3bb5-4bca-ab83-4ac55a6da429-1536x1023.jpg 1536w, https:\/\/rawcyclingmag.com\/wp-content\/uploads\/2020\/09\/3689973c-3bb5-4bca-ab83-4ac55a6da429-600x400.jpg 600w, https:\/\/rawcyclingmag.com\/wp-content\/uploads\/2020\/09\/3689973c-3bb5-4bca-ab83-4ac55a6da429-272x182.jpg 272w\" sizes=\"(max-width: 1600px) 100vw, 1600px\" \/><\/a>\n\t\t\t<\/dt><\/dl><dl class='gallery-item'>\n\t\t\t<dt class='gallery-icon landscape'>\n\t\t\t\t<a href='https:\/\/rawcyclingmag.com\/wp-content\/uploads\/2020\/09\/2bfe4fbe-39b9-4cb1-83ae-495c26fc33fe.jpg'><img decoding=\"async\" width=\"1600\" height=\"1066\" src=\"https:\/\/rawcyclingmag.com\/wp-content\/uploads\/2020\/09\/2bfe4fbe-39b9-4cb1-83ae-495c26fc33fe.jpg\" class=\"attachment-full size-full\" alt=\"\" srcset=\"https:\/\/rawcyclingmag.com\/wp-content\/uploads\/2020\/09\/2bfe4fbe-39b9-4cb1-83ae-495c26fc33fe.jpg 1600w, https:\/\/rawcyclingmag.com\/wp-content\/uploads\/2020\/09\/2bfe4fbe-39b9-4cb1-83ae-495c26fc33fe-300x200.jpg 300w, https:\/\/rawcyclingmag.com\/wp-content\/uploads\/2020\/09\/2bfe4fbe-39b9-4cb1-83ae-495c26fc33fe-1024x682.jpg 1024w, https:\/\/rawcyclingmag.com\/wp-content\/uploads\/2020\/09\/2bfe4fbe-39b9-4cb1-83ae-495c26fc33fe-768x512.jpg 768w, https:\/\/rawcyclingmag.com\/wp-content\/uploads\/2020\/09\/2bfe4fbe-39b9-4cb1-83ae-495c26fc33fe-1536x1023.jpg 1536w, https:\/\/rawcyclingmag.com\/wp-content\/uploads\/2020\/09\/2bfe4fbe-39b9-4cb1-83ae-495c26fc33fe-600x400.jpg 600w, https:\/\/rawcyclingmag.com\/wp-content\/uploads\/2020\/09\/2bfe4fbe-39b9-4cb1-83ae-495c26fc33fe-272x182.jpg 272w\" sizes=\"(max-width: 1600px) 100vw, 1600px\" \/><\/a>\n\t\t\t<\/dt><\/dl><dl class='gallery-item'>\n\t\t\t<dt class='gallery-icon landscape'>\n\t\t\t\t<a href='https:\/\/rawcyclingmag.com\/wp-content\/uploads\/2020\/09\/f2e3bf28-2c4f-47d9-8635-b7f4c36120b9.jpg'><img decoding=\"async\" width=\"1600\" height=\"1066\" src=\"https:\/\/rawcyclingmag.com\/wp-content\/uploads\/2020\/09\/f2e3bf28-2c4f-47d9-8635-b7f4c36120b9.jpg\" class=\"attachment-full size-full\" alt=\"\" srcset=\"https:\/\/rawcyclingmag.com\/wp-content\/uploads\/2020\/09\/f2e3bf28-2c4f-47d9-8635-b7f4c36120b9.jpg 1600w, https:\/\/rawcyclingmag.com\/wp-content\/uploads\/2020\/09\/f2e3bf28-2c4f-47d9-8635-b7f4c36120b9-300x200.jpg 300w, https:\/\/rawcyclingmag.com\/wp-content\/uploads\/2020\/09\/f2e3bf28-2c4f-47d9-8635-b7f4c36120b9-1024x682.jpg 1024w, https:\/\/rawcyclingmag.com\/wp-content\/uploads\/2020\/09\/f2e3bf28-2c4f-47d9-8635-b7f4c36120b9-768x512.jpg 768w, https:\/\/rawcyclingmag.com\/wp-content\/uploads\/2020\/09\/f2e3bf28-2c4f-47d9-8635-b7f4c36120b9-1536x1023.jpg 1536w, https:\/\/rawcyclingmag.com\/wp-content\/uploads\/2020\/09\/f2e3bf28-2c4f-47d9-8635-b7f4c36120b9-600x400.jpg 600w, https:\/\/rawcyclingmag.com\/wp-content\/uploads\/2020\/09\/f2e3bf28-2c4f-47d9-8635-b7f4c36120b9-272x182.jpg 272w\" sizes=\"(max-width: 1600px) 100vw, 1600px\" \/><\/a>\n\t\t\t<\/dt><\/dl><br style=\"clear: both\" \/>\n\t\t<\/div>\n\n<p><span style=\"font-weight: 400\">Piernas en alto, automasaje, <\/span><i><span style=\"font-weight: 400\">foam-rolling<\/span><\/i><span style=\"font-weight: 400\">\u2026 Al llegar a los distintos alojamientos, Chris se asegur\u00f3 de iniciar el proceso de recuperaci\u00f3n lo antes posible. Una vez m\u00e1s, todo cuenta cuando se habla de un desaf\u00edo tan duro y largo. La \u00fanica forma en que los ciclistas profesionales contin\u00faan pueden seguir rindiendo un nivel alto d\u00eda tras d\u00eda es por lo efectivos que son recuperando, por lo que cualquiera que intente hacer algo comparable debe tomar nota de ellos.<\/span><\/p>\n<p><span style=\"font-weight: 400\">El d\u00eda 4 lleg\u00f3 a Land&#8217;s End. Despu\u00e9s de 5 d\u00edas consecutivos recorriendo m\u00e1s de 107 millas, tom\u00f3 su primer d\u00eda de descanso. Este d\u00eda de recuperaci\u00f3n ya estaba planeado, debido a que la mayor parte del desnivel se concentraba en la primera semana. El &#8220;d\u00eda f\u00e1cil&#8221; adicional para los profesionales, la contrarreloj, fue en el pen\u00faltimo d\u00eda de la carrera, pero Chris opt\u00f3 por mover este d\u00eda a una fecha anterior.<\/span><\/p>\n<p><span style=\"font-weight: 400\">La fatiga se acumulaba, pero estaba tan motivado como siempre despu\u00e9s de ver c\u00f3mo la gente segu\u00eda colaborando con sus donaciones. Para el segundo d\u00eda de descanso, las donaciones superaron las 3.000\u00a3.<\/span><\/p>\n\n\t\t<style type=\"text\/css\">\n\t\t\t#gallery-4 {\n\t\t\t\tmargin: auto;\n\t\t\t}\n\t\t\t#gallery-4 .gallery-item {\n\t\t\t\tfloat: left;\n\t\t\t\tmargin-top: 10px;\n\t\t\t\ttext-align: center;\n\t\t\t\twidth: 50%;\n\t\t\t}\n\t\t\t#gallery-4 img {\n\t\t\t\tborder: 2px solid #cfcfcf;\n\t\t\t}\n\t\t\t#gallery-4 .gallery-caption {\n\t\t\t\tmargin-left: 0;\n\t\t\t}\n\t\t\t\/* see gallery_shortcode() in wp-includes\/media.php *\/\n\t\t<\/style>\n\t\t<div id='gallery-4' class='gallery galleryid-36759 gallery-columns-2 gallery-size-full'><dl class='gallery-item'>\n\t\t\t<dt class='gallery-icon landscape'>\n\t\t\t\t<a href='https:\/\/rawcyclingmag.com\/wp-content\/uploads\/2020\/09\/4d35afc0-7a4c-486b-a6e8-f1dbc501d69b.jpg'><img decoding=\"async\" width=\"1600\" height=\"1066\" src=\"https:\/\/rawcyclingmag.com\/wp-content\/uploads\/2020\/09\/4d35afc0-7a4c-486b-a6e8-f1dbc501d69b.jpg\" class=\"attachment-full size-full\" alt=\"\" srcset=\"https:\/\/rawcyclingmag.com\/wp-content\/uploads\/2020\/09\/4d35afc0-7a4c-486b-a6e8-f1dbc501d69b.jpg 1600w, https:\/\/rawcyclingmag.com\/wp-content\/uploads\/2020\/09\/4d35afc0-7a4c-486b-a6e8-f1dbc501d69b-300x200.jpg 300w, https:\/\/rawcyclingmag.com\/wp-content\/uploads\/2020\/09\/4d35afc0-7a4c-486b-a6e8-f1dbc501d69b-1024x682.jpg 1024w, https:\/\/rawcyclingmag.com\/wp-content\/uploads\/2020\/09\/4d35afc0-7a4c-486b-a6e8-f1dbc501d69b-768x512.jpg 768w, https:\/\/rawcyclingmag.com\/wp-content\/uploads\/2020\/09\/4d35afc0-7a4c-486b-a6e8-f1dbc501d69b-1536x1023.jpg 1536w, https:\/\/rawcyclingmag.com\/wp-content\/uploads\/2020\/09\/4d35afc0-7a4c-486b-a6e8-f1dbc501d69b-600x400.jpg 600w, https:\/\/rawcyclingmag.com\/wp-content\/uploads\/2020\/09\/4d35afc0-7a4c-486b-a6e8-f1dbc501d69b-272x182.jpg 272w\" sizes=\"(max-width: 1600px) 100vw, 1600px\" \/><\/a>\n\t\t\t<\/dt><\/dl><dl class='gallery-item'>\n\t\t\t<dt class='gallery-icon landscape'>\n\t\t\t\t<a href='https:\/\/rawcyclingmag.com\/wp-content\/uploads\/2020\/09\/ae5582c3-e548-4dd2-9d92-5a83444fad0f.jpg'><img decoding=\"async\" width=\"1600\" height=\"1066\" src=\"https:\/\/rawcyclingmag.com\/wp-content\/uploads\/2020\/09\/ae5582c3-e548-4dd2-9d92-5a83444fad0f.jpg\" class=\"attachment-full size-full\" alt=\"\" srcset=\"https:\/\/rawcyclingmag.com\/wp-content\/uploads\/2020\/09\/ae5582c3-e548-4dd2-9d92-5a83444fad0f.jpg 1600w, https:\/\/rawcyclingmag.com\/wp-content\/uploads\/2020\/09\/ae5582c3-e548-4dd2-9d92-5a83444fad0f-300x200.jpg 300w, https:\/\/rawcyclingmag.com\/wp-content\/uploads\/2020\/09\/ae5582c3-e548-4dd2-9d92-5a83444fad0f-1024x682.jpg 1024w, https:\/\/rawcyclingmag.com\/wp-content\/uploads\/2020\/09\/ae5582c3-e548-4dd2-9d92-5a83444fad0f-768x512.jpg 768w, https:\/\/rawcyclingmag.com\/wp-content\/uploads\/2020\/09\/ae5582c3-e548-4dd2-9d92-5a83444fad0f-1536x1023.jpg 1536w, https:\/\/rawcyclingmag.com\/wp-content\/uploads\/2020\/09\/ae5582c3-e548-4dd2-9d92-5a83444fad0f-600x400.jpg 600w, https:\/\/rawcyclingmag.com\/wp-content\/uploads\/2020\/09\/ae5582c3-e548-4dd2-9d92-5a83444fad0f-272x182.jpg 272w\" sizes=\"(max-width: 1600px) 100vw, 1600px\" \/><\/a>\n\t\t\t<\/dt><\/dl><br style=\"clear: both\" \/>\n\t\t<\/div>\n\n<p><span style=\"font-weight: 400\">Continuamente manten\u00eda a todos informados en las redes sociales, y uno pod\u00eda sentir pena por \u00e9l cuando explicaba todos los obst\u00e1culos que ten\u00eda que superar cada d\u00eda. Sentados en casa y viendo el Tour, sus seguidores no pod\u00edan ayudarlo con sus problemas mec\u00e1nicos o empujarlo monta\u00f1a arriba, pero hab\u00eda un flujo constante de mensajes de apoyo que manten\u00edan a Chris en marcha.<\/span><\/p>\n<p><span style=\"font-weight: 400\">Afortunadamente, el viento no siempre sopla en contra, y Chris pudo ahorrar algo de energ\u00eda el d\u00eda que entr\u00f3 en Escocia gracias a un viento de cola muy bienvenido.<\/span><\/p>\n<p><span style=\"font-weight: 400\">La barrera de las 1.000 millas se super\u00f3 en el d\u00e9cimo d\u00eda del reto, que tambi\u00e9n fue una de las jornadas m\u00e1s duras. Fue admirable ver c\u00f3mo, a\u00fan despu\u00e9s de sufrir por el viento y las tormentas, sigui\u00f3 recalcando que lo hac\u00eda por una raz\u00f3n, y que si bien los ni\u00f1os del Pace Centre no tienen elecci\u00f3n, \u00e9l hab\u00eda escogido hacer esto.<\/span><\/p>\n\n\t\t<style type=\"text\/css\">\n\t\t\t#gallery-5 {\n\t\t\t\tmargin: auto;\n\t\t\t}\n\t\t\t#gallery-5 .gallery-item {\n\t\t\t\tfloat: left;\n\t\t\t\tmargin-top: 10px;\n\t\t\t\ttext-align: center;\n\t\t\t\twidth: 33%;\n\t\t\t}\n\t\t\t#gallery-5 img {\n\t\t\t\tborder: 2px solid #cfcfcf;\n\t\t\t}\n\t\t\t#gallery-5 .gallery-caption {\n\t\t\t\tmargin-left: 0;\n\t\t\t}\n\t\t\t\/* see gallery_shortcode() in wp-includes\/media.php *\/\n\t\t<\/style>\n\t\t<div id='gallery-5' class='gallery galleryid-36759 gallery-columns-3 gallery-size-full'><dl class='gallery-item'>\n\t\t\t<dt class='gallery-icon landscape'>\n\t\t\t\t<a href='https:\/\/rawcyclingmag.com\/wp-content\/uploads\/2020\/09\/32347c48-d8c1-4366-be8d-5d3a1285bd8b.jpg'><img decoding=\"async\" width=\"1600\" height=\"1066\" src=\"https:\/\/rawcyclingmag.com\/wp-content\/uploads\/2020\/09\/32347c48-d8c1-4366-be8d-5d3a1285bd8b.jpg\" class=\"attachment-full size-full\" alt=\"\" srcset=\"https:\/\/rawcyclingmag.com\/wp-content\/uploads\/2020\/09\/32347c48-d8c1-4366-be8d-5d3a1285bd8b.jpg 1600w, https:\/\/rawcyclingmag.com\/wp-content\/uploads\/2020\/09\/32347c48-d8c1-4366-be8d-5d3a1285bd8b-300x200.jpg 300w, https:\/\/rawcyclingmag.com\/wp-content\/uploads\/2020\/09\/32347c48-d8c1-4366-be8d-5d3a1285bd8b-1024x682.jpg 1024w, https:\/\/rawcyclingmag.com\/wp-content\/uploads\/2020\/09\/32347c48-d8c1-4366-be8d-5d3a1285bd8b-768x512.jpg 768w, https:\/\/rawcyclingmag.com\/wp-content\/uploads\/2020\/09\/32347c48-d8c1-4366-be8d-5d3a1285bd8b-1536x1023.jpg 1536w, https:\/\/rawcyclingmag.com\/wp-content\/uploads\/2020\/09\/32347c48-d8c1-4366-be8d-5d3a1285bd8b-600x400.jpg 600w, https:\/\/rawcyclingmag.com\/wp-content\/uploads\/2020\/09\/32347c48-d8c1-4366-be8d-5d3a1285bd8b-272x182.jpg 272w\" sizes=\"(max-width: 1600px) 100vw, 1600px\" \/><\/a>\n\t\t\t<\/dt><\/dl><dl class='gallery-item'>\n\t\t\t<dt class='gallery-icon landscape'>\n\t\t\t\t<a href='https:\/\/rawcyclingmag.com\/wp-content\/uploads\/2020\/09\/37b83a98-fa57-48ca-ba08-d606b97233c9.jpg'><img decoding=\"async\" width=\"1600\" height=\"1066\" src=\"https:\/\/rawcyclingmag.com\/wp-content\/uploads\/2020\/09\/37b83a98-fa57-48ca-ba08-d606b97233c9.jpg\" class=\"attachment-full size-full\" alt=\"\" srcset=\"https:\/\/rawcyclingmag.com\/wp-content\/uploads\/2020\/09\/37b83a98-fa57-48ca-ba08-d606b97233c9.jpg 1600w, https:\/\/rawcyclingmag.com\/wp-content\/uploads\/2020\/09\/37b83a98-fa57-48ca-ba08-d606b97233c9-300x200.jpg 300w, https:\/\/rawcyclingmag.com\/wp-content\/uploads\/2020\/09\/37b83a98-fa57-48ca-ba08-d606b97233c9-1024x682.jpg 1024w, https:\/\/rawcyclingmag.com\/wp-content\/uploads\/2020\/09\/37b83a98-fa57-48ca-ba08-d606b97233c9-768x512.jpg 768w, https:\/\/rawcyclingmag.com\/wp-content\/uploads\/2020\/09\/37b83a98-fa57-48ca-ba08-d606b97233c9-1536x1023.jpg 1536w, https:\/\/rawcyclingmag.com\/wp-content\/uploads\/2020\/09\/37b83a98-fa57-48ca-ba08-d606b97233c9-600x400.jpg 600w, https:\/\/rawcyclingmag.com\/wp-content\/uploads\/2020\/09\/37b83a98-fa57-48ca-ba08-d606b97233c9-272x182.jpg 272w\" sizes=\"(max-width: 1600px) 100vw, 1600px\" \/><\/a>\n\t\t\t<\/dt><\/dl><dl class='gallery-item'>\n\t\t\t<dt class='gallery-icon landscape'>\n\t\t\t\t<a href='https:\/\/rawcyclingmag.com\/wp-content\/uploads\/2020\/09\/f30229a9-ea2c-4c53-8389-d61790fd17de.jpg'><img decoding=\"async\" width=\"1600\" height=\"1066\" src=\"https:\/\/rawcyclingmag.com\/wp-content\/uploads\/2020\/09\/f30229a9-ea2c-4c53-8389-d61790fd17de.jpg\" class=\"attachment-full size-full\" alt=\"\" srcset=\"https:\/\/rawcyclingmag.com\/wp-content\/uploads\/2020\/09\/f30229a9-ea2c-4c53-8389-d61790fd17de.jpg 1600w, https:\/\/rawcyclingmag.com\/wp-content\/uploads\/2020\/09\/f30229a9-ea2c-4c53-8389-d61790fd17de-300x200.jpg 300w, https:\/\/rawcyclingmag.com\/wp-content\/uploads\/2020\/09\/f30229a9-ea2c-4c53-8389-d61790fd17de-1024x682.jpg 1024w, https:\/\/rawcyclingmag.com\/wp-content\/uploads\/2020\/09\/f30229a9-ea2c-4c53-8389-d61790fd17de-768x512.jpg 768w, https:\/\/rawcyclingmag.com\/wp-content\/uploads\/2020\/09\/f30229a9-ea2c-4c53-8389-d61790fd17de-1536x1023.jpg 1536w, https:\/\/rawcyclingmag.com\/wp-content\/uploads\/2020\/09\/f30229a9-ea2c-4c53-8389-d61790fd17de-600x400.jpg 600w, https:\/\/rawcyclingmag.com\/wp-content\/uploads\/2020\/09\/f30229a9-ea2c-4c53-8389-d61790fd17de-272x182.jpg 272w\" sizes=\"(max-width: 1600px) 100vw, 1600px\" \/><\/a>\n\t\t\t<\/dt><\/dl><br style=\"clear: both\" \/>\n\t\t<\/div>\n\n<p><span style=\"font-weight: 400\">Lleg\u00f3 al punto m\u00e1s al norte del Reino Unido el 12\u00ba d\u00eda, donde respir\u00f3 durante un instante antes de dirigirse en la direcci\u00f3n opuesta, rodando por algunas de las mismas carreteras por las que hab\u00eda pasado los d\u00edas anteriores. Gradualmente, se dirigir\u00eda hacia el este y llegar\u00eda a Lowestoft Ness el pen\u00faltimo d\u00eda.\u00a0<\/span><span style=\"font-weight: 400\">Mientras Tadej Pogacar y el resto de los <\/span><i><span style=\"font-weight: 400\">finishers <\/span><\/i><span style=\"font-weight: 400\">del Tour disfrutaban del desfile por los vac\u00edos Campos El\u00edseos, Chris termin\u00f3 su viaje lidiando con el ajetreado tr\u00e1fico de Londres. Finales opuestos, pero con el mismo sentimiento de satisfacci\u00f3n.<\/span><\/p>\n<p><a href=\"https:\/\/rawcyclingmag.com\/wp-content\/uploads\/2020\/09\/cef03217-e146-43f5-81d0-aaae5da586e5.jpg\"><img decoding=\"async\" class=\"alignnone wp-image-12386 size-full\" src=\"https:\/\/rawcyclingmag.com\/wp-content\/uploads\/2020\/09\/cef03217-e146-43f5-81d0-aaae5da586e5.jpg\" alt=\"\" width=\"1600\" height=\"1066\" srcset=\"https:\/\/rawcyclingmag.com\/wp-content\/uploads\/2020\/09\/cef03217-e146-43f5-81d0-aaae5da586e5.jpg 1600w, https:\/\/rawcyclingmag.com\/wp-content\/uploads\/2020\/09\/cef03217-e146-43f5-81d0-aaae5da586e5-300x200.jpg 300w, https:\/\/rawcyclingmag.com\/wp-content\/uploads\/2020\/09\/cef03217-e146-43f5-81d0-aaae5da586e5-1024x682.jpg 1024w, https:\/\/rawcyclingmag.com\/wp-content\/uploads\/2020\/09\/cef03217-e146-43f5-81d0-aaae5da586e5-768x512.jpg 768w, https:\/\/rawcyclingmag.com\/wp-content\/uploads\/2020\/09\/cef03217-e146-43f5-81d0-aaae5da586e5-1536x1023.jpg 1536w, https:\/\/rawcyclingmag.com\/wp-content\/uploads\/2020\/09\/cef03217-e146-43f5-81d0-aaae5da586e5-600x400.jpg 600w, https:\/\/rawcyclingmag.com\/wp-content\/uploads\/2020\/09\/cef03217-e146-43f5-81d0-aaae5da586e5-272x182.jpg 272w\" sizes=\"(max-width: 1600px) 100vw, 1600px\" \/><\/a><\/p>\n<p><span style=\"font-weight: 400\">En total fueron 3.609 km recorridos en 144 horas, con un desnivel acumulado de 38.100 m. Y la cifra realmente importante; a d\u00eda de hoy son ya 11.823\u00a3 donados a la causa.<\/span><\/p>\n\n\t\t<style type=\"text\/css\">\n\t\t\t#gallery-6 {\n\t\t\t\tmargin: auto;\n\t\t\t}\n\t\t\t#gallery-6 .gallery-item {\n\t\t\t\tfloat: left;\n\t\t\t\tmargin-top: 10px;\n\t\t\t\ttext-align: center;\n\t\t\t\twidth: 33%;\n\t\t\t}\n\t\t\t#gallery-6 img {\n\t\t\t\tborder: 2px solid #cfcfcf;\n\t\t\t}\n\t\t\t#gallery-6 .gallery-caption {\n\t\t\t\tmargin-left: 0;\n\t\t\t}\n\t\t\t\/* see gallery_shortcode() in wp-includes\/media.php *\/\n\t\t<\/style>\n\t\t<div id='gallery-6' class='gallery galleryid-36759 gallery-columns-3 gallery-size-full'><dl class='gallery-item'>\n\t\t\t<dt class='gallery-icon landscape'>\n\t\t\t\t<a href='https:\/\/rawcyclingmag.com\/wp-content\/uploads\/2020\/09\/a2d60c79-cc8e-43dd-93f7-98c4e2768a5d.jpg'><img decoding=\"async\" width=\"1600\" height=\"1066\" src=\"https:\/\/rawcyclingmag.com\/wp-content\/uploads\/2020\/09\/a2d60c79-cc8e-43dd-93f7-98c4e2768a5d.jpg\" class=\"attachment-full size-full\" alt=\"\" srcset=\"https:\/\/rawcyclingmag.com\/wp-content\/uploads\/2020\/09\/a2d60c79-cc8e-43dd-93f7-98c4e2768a5d.jpg 1600w, https:\/\/rawcyclingmag.com\/wp-content\/uploads\/2020\/09\/a2d60c79-cc8e-43dd-93f7-98c4e2768a5d-300x200.jpg 300w, https:\/\/rawcyclingmag.com\/wp-content\/uploads\/2020\/09\/a2d60c79-cc8e-43dd-93f7-98c4e2768a5d-1024x682.jpg 1024w, https:\/\/rawcyclingmag.com\/wp-content\/uploads\/2020\/09\/a2d60c79-cc8e-43dd-93f7-98c4e2768a5d-768x512.jpg 768w, https:\/\/rawcyclingmag.com\/wp-content\/uploads\/2020\/09\/a2d60c79-cc8e-43dd-93f7-98c4e2768a5d-1536x1023.jpg 1536w, https:\/\/rawcyclingmag.com\/wp-content\/uploads\/2020\/09\/a2d60c79-cc8e-43dd-93f7-98c4e2768a5d-600x400.jpg 600w, https:\/\/rawcyclingmag.com\/wp-content\/uploads\/2020\/09\/a2d60c79-cc8e-43dd-93f7-98c4e2768a5d-272x182.jpg 272w\" sizes=\"(max-width: 1600px) 100vw, 1600px\" \/><\/a>\n\t\t\t<\/dt><\/dl><dl class='gallery-item'>\n\t\t\t<dt class='gallery-icon landscape'>\n\t\t\t\t<a href='https:\/\/rawcyclingmag.com\/wp-content\/uploads\/2020\/09\/a167f094-f1aa-46b8-b0f4-f7b5f8fc369e.jpg'><img decoding=\"async\" width=\"1600\" height=\"1066\" src=\"https:\/\/rawcyclingmag.com\/wp-content\/uploads\/2020\/09\/a167f094-f1aa-46b8-b0f4-f7b5f8fc369e.jpg\" class=\"attachment-full size-full\" alt=\"\" srcset=\"https:\/\/rawcyclingmag.com\/wp-content\/uploads\/2020\/09\/a167f094-f1aa-46b8-b0f4-f7b5f8fc369e.jpg 1600w, https:\/\/rawcyclingmag.com\/wp-content\/uploads\/2020\/09\/a167f094-f1aa-46b8-b0f4-f7b5f8fc369e-300x200.jpg 300w, https:\/\/rawcyclingmag.com\/wp-content\/uploads\/2020\/09\/a167f094-f1aa-46b8-b0f4-f7b5f8fc369e-1024x682.jpg 1024w, https:\/\/rawcyclingmag.com\/wp-content\/uploads\/2020\/09\/a167f094-f1aa-46b8-b0f4-f7b5f8fc369e-768x512.jpg 768w, https:\/\/rawcyclingmag.com\/wp-content\/uploads\/2020\/09\/a167f094-f1aa-46b8-b0f4-f7b5f8fc369e-1536x1023.jpg 1536w, https:\/\/rawcyclingmag.com\/wp-content\/uploads\/2020\/09\/a167f094-f1aa-46b8-b0f4-f7b5f8fc369e-600x400.jpg 600w, https:\/\/rawcyclingmag.com\/wp-content\/uploads\/2020\/09\/a167f094-f1aa-46b8-b0f4-f7b5f8fc369e-272x182.jpg 272w\" sizes=\"(max-width: 1600px) 100vw, 1600px\" \/><\/a>\n\t\t\t<\/dt><\/dl><dl class='gallery-item'>\n\t\t\t<dt class='gallery-icon landscape'>\n\t\t\t\t<a href='https:\/\/rawcyclingmag.com\/wp-content\/uploads\/2020\/09\/621d66b2-1f72-4a42-94e0-54d3ee938b15.jpg'><img decoding=\"async\" width=\"1600\" height=\"1066\" src=\"https:\/\/rawcyclingmag.com\/wp-content\/uploads\/2020\/09\/621d66b2-1f72-4a42-94e0-54d3ee938b15.jpg\" class=\"attachment-full size-full\" alt=\"\" srcset=\"https:\/\/rawcyclingmag.com\/wp-content\/uploads\/2020\/09\/621d66b2-1f72-4a42-94e0-54d3ee938b15.jpg 1600w, https:\/\/rawcyclingmag.com\/wp-content\/uploads\/2020\/09\/621d66b2-1f72-4a42-94e0-54d3ee938b15-300x200.jpg 300w, https:\/\/rawcyclingmag.com\/wp-content\/uploads\/2020\/09\/621d66b2-1f72-4a42-94e0-54d3ee938b15-1024x682.jpg 1024w, https:\/\/rawcyclingmag.com\/wp-content\/uploads\/2020\/09\/621d66b2-1f72-4a42-94e0-54d3ee938b15-768x512.jpg 768w, https:\/\/rawcyclingmag.com\/wp-content\/uploads\/2020\/09\/621d66b2-1f72-4a42-94e0-54d3ee938b15-1536x1023.jpg 1536w, https:\/\/rawcyclingmag.com\/wp-content\/uploads\/2020\/09\/621d66b2-1f72-4a42-94e0-54d3ee938b15-600x400.jpg 600w, https:\/\/rawcyclingmag.com\/wp-content\/uploads\/2020\/09\/621d66b2-1f72-4a42-94e0-54d3ee938b15-272x182.jpg 272w\" sizes=\"(max-width: 1600px) 100vw, 1600px\" \/><\/a>\n\t\t\t<\/dt><\/dl><br style=\"clear: both\" \/>\n\t\t<\/div>\n\n<h3><b>La presencia del n\u00famero 107<\/b><\/h3>\n<p><span style=\"font-weight: 400\">Como coment\u00e1bamos al inicio de este art\u00edculo, esta no fue la primera vez que el Pace Centre y el n\u00famero 107 estuvieron presentes en los diferentes desaf\u00edos que Chris ha completado para crear conciencia sobre un tema determinado. En diciembre de 2016, Chris recorri\u00f3 107 kil\u00f3metros por d\u00eda durante 107 d\u00edas consecutivos. Al llegar el 1 de abril de 2017, hab\u00eda recorrido 11.449 km en bicicleta durante el invierno brit\u00e1nico, con muchas horas en la oscuridad y bajo la lluvia. No ten\u00eda otra opci\u00f3n, ya que tambi\u00e9n ten\u00eda que seguir trabajando a jornada completa. Tres meses y medio de obligarse a pedalear m\u00e1s de 3 horas tienen sus consecuencias, pero al completar el objetivo logr\u00f3 concienciar sobre la causa a sus seguidores. En comparaci\u00f3n con su \u00faltimo desaf\u00edo, este \u201c107 en 107\u201d cubri\u00f3 mucha m\u00e1s distancia, pero la mayor parte de la ruta fue en Londres, por lo que pudo sentir una sensaci\u00f3n de seguridad o protecci\u00f3n que no exist\u00eda cuando durante el 107TDF circulaba por carreteras lejos de casa.<\/span><\/p>\n<h3><b>Otros retos<\/b><\/h3>\n<p><span style=\"font-weight: 400\">El a\u00f1o pasado, cuando era posible viajar sin restricciones, complet\u00f3 un viaje a <\/span><a href=\"https:\/\/www.komoot.com\/collection\/896081\/-bikepacking-australia\" target=\"_blank\" rel=\"noopener noreferrer\"><span style=\"font-weight: 400\">trav\u00e9s de Australia<\/span><\/a><span style=\"font-weight: 400\"> junto con su amigo y youtuber <\/span><a href=\"https:\/\/www.instagram.com\/francisccade\/\" target=\"_blank\" rel=\"noopener noreferrer\"><span style=\"font-weight: 400\">Francis Cade<\/span><\/a><span style=\"font-weight: 400\">. De Perth a Melbourne a trav\u00e9s del desierto de Nullarbor, se encontraron con la t\u00edpica fauna australiana y tuvieron que enfrentarse al viento en contra en algunas de las carreteras rectas m\u00e1s largas de la Tierra.<\/span><\/p>\n<p><span style=\"font-weight: 400\">Eso fue lo m\u00e1s comparable que hizo antes del 107TDF, ya que el n\u00famero de d\u00edas y la distancia acumulada es bastante similar. No obstante, las interminables carreteras llanas y el calor que identifican al pa\u00eds m\u00e1s grande del continente m\u00e1s peque\u00f1o son dif\u00edciles de encontrar en cualquier otro lugar del mundo.<\/span><\/p>\n<p><span style=\"font-weight: 400\">Otros de sus logros incluyen viajar de Londres a Par\u00eds en menos de 24 horas y terminar varias competencias de ultradistancia. Tambi\u00e9n ha participado en algunos eventos todoterreno como la Atlas Mountain Race o la Silk Road Mountain Race, por lo que probablemente lo ver\u00e1s en la lista de salida de cualquier evento pr\u00f3ximo de ese tipo.<\/span><\/p>\n<p><span style=\"font-weight: 400\">Para realizar tu donaci\u00f3n a Pace Centre, consulta el siguiente <\/span><a href=\"https:\/\/www.justgiving.com\/fundraising\/107tdf\" target=\"_blank\" rel=\"noopener noreferrer\"><span style=\"font-weight: 400\">enlace<\/span><\/a><span style=\"font-weight: 400\">.<\/span><\/p>\n","protected":false},"excerpt":{"rendered":"<p>Mientras se realizaba el Tour de Francia hace apenas unos d\u00edas, Chris Hall recorr\u00eda al mismo tiempo un m\u00ednimo de<\/p>\n","protected":false},"author":11,"featured_media":29569,"comment_status":"open","ping_status":"closed","sticky":false,"template":"","format":"standard","meta":{"footnotes":""},"categories":[4079,3958],"tags":[4307],"class_list":["post-36759","post","type-post","status-publish","format-standard","has-post-thumbnail","hentry","category-destacado","category-noticias","tag-ultradistance-es"],"yoast_head":"<!-- This site is optimized with the Yoast SEO Premium plugin v27.0 (Yoast SEO v27.0) - https:\/\/yoast.com\/product\/yoast-seo-premium-wordpress\/ -->\n<title>Chris Hall: 107 millas al d\u00eda durante el Tour de Francia - RAW Cycling Magazine<\/title>\n<meta name=\"robots\" content=\"index, follow, max-snippet:-1, max-image-preview:large, max-video-preview:-1\" \/>\n<link rel=\"canonical\" href=\"https:\/\/rawcyclingmag.com\/es\/chris-hall-107-millas-al-dia-durante-el-tour-de-francia\/\" \/>\n<meta property=\"og:locale\" content=\"es_ES\" \/>\n<meta property=\"og:type\" content=\"article\" \/>\n<meta property=\"og:title\" content=\"Chris Hall: 107 millas al d\u00eda durante el Tour de Francia\" \/>\n<meta property=\"og:description\" content=\"Mientras se realizaba el Tour de Francia hace apenas unos d\u00edas, Chris Hall recorr\u00eda al mismo tiempo un m\u00ednimo de\" \/>\n<meta property=\"og:url\" content=\"https:\/\/rawcyclingmag.com\/es\/chris-hall-107-millas-al-dia-durante-el-tour-de-francia\/\" \/>\n<meta property=\"og:site_name\" content=\"RAW Cycling Magazine\" \/>\n<meta property=\"article:publisher\" content=\"http:\/\/facebook.com\/rawcyclingmag\" \/>\n<meta property=\"article:published_time\" content=\"2020-09-24T19:36:07+00:00\" \/>\n<meta property=\"og:image\" content=\"https:\/\/rawcyclingmag.com\/wp-content\/uploads\/2020\/09\/4205064a-cdf6-4810-b359-528d474ddd30-e1600967092133.jpg\" \/>\n\t<meta property=\"og:image:width\" content=\"1600\" \/>\n\t<meta property=\"og:image:height\" content=\"900\" \/>\n\t<meta property=\"og:image:type\" content=\"image\/jpeg\" \/>\n<meta name=\"author\" content=\"Javi Angulo\" \/>\n<meta name=\"twitter:card\" content=\"summary_large_image\" \/>\n<meta name=\"twitter:creator\" content=\"@rawcyclingmag\" \/>\n<meta name=\"twitter:site\" content=\"@rawcyclingmag\" \/>\n<meta name=\"twitter:label1\" content=\"Escrito por\" \/>\n\t<meta name=\"twitter:data1\" content=\"Javi Angulo\" \/>\n\t<meta name=\"twitter:label2\" content=\"Tiempo de lectura\" \/>\n\t<meta name=\"twitter:data2\" content=\"7 minutos\" \/>\n<script type=\"application\/ld+json\" class=\"yoast-schema-graph\">{\"@context\":\"https:\/\/schema.org\",\"@graph\":[{\"@type\":\"Article\",\"@id\":\"https:\/\/rawcyclingmag.com\/es\/chris-hall-107-millas-al-dia-durante-el-tour-de-francia\/#article\",\"isPartOf\":{\"@id\":\"https:\/\/rawcyclingmag.com\/es\/chris-hall-107-millas-al-dia-durante-el-tour-de-francia\/\"},\"author\":{\"name\":\"Javi Angulo\",\"@id\":\"https:\/\/rawcyclingmag.com\/es\/#\/schema\/person\/9a9334e46cc1757dface39a245240ac2\"},\"headline\":\"Chris Hall: 107 millas al d\u00eda durante el Tour de Francia\",\"datePublished\":\"2020-09-24T19:36:07+00:00\",\"mainEntityOfPage\":{\"@id\":\"https:\/\/rawcyclingmag.com\/es\/chris-hall-107-millas-al-dia-durante-el-tour-de-francia\/\"},\"wordCount\":1477,\"commentCount\":0,\"publisher\":{\"@id\":\"https:\/\/rawcyclingmag.com\/es\/#organization\"},\"image\":{\"@id\":\"https:\/\/rawcyclingmag.com\/es\/chris-hall-107-millas-al-dia-durante-el-tour-de-francia\/#primaryimage\"},\"thumbnailUrl\":\"https:\/\/rawcyclingmag.com\/wp-content\/uploads\/2020\/09\/4205064a-cdf6-4810-b359-528d474ddd30-e1600967092133.jpg\",\"keywords\":[\"ultradistance\"],\"articleSection\":[\"Destacado\",\"Noticias\"],\"inLanguage\":\"es\",\"potentialAction\":[{\"@type\":\"CommentAction\",\"name\":\"Comment\",\"target\":[\"https:\/\/rawcyclingmag.com\/es\/chris-hall-107-millas-al-dia-durante-el-tour-de-francia\/#respond\"]}]},{\"@type\":\"WebPage\",\"@id\":\"https:\/\/rawcyclingmag.com\/es\/chris-hall-107-millas-al-dia-durante-el-tour-de-francia\/\",\"url\":\"https:\/\/rawcyclingmag.com\/es\/chris-hall-107-millas-al-dia-durante-el-tour-de-francia\/\",\"name\":\"Chris Hall: 107 millas al d\u00eda durante el Tour de Francia - RAW Cycling Magazine\",\"isPartOf\":{\"@id\":\"https:\/\/rawcyclingmag.com\/es\/#website\"},\"primaryImageOfPage\":{\"@id\":\"https:\/\/rawcyclingmag.com\/es\/chris-hall-107-millas-al-dia-durante-el-tour-de-francia\/#primaryimage\"},\"image\":{\"@id\":\"https:\/\/rawcyclingmag.com\/es\/chris-hall-107-millas-al-dia-durante-el-tour-de-francia\/#primaryimage\"},\"thumbnailUrl\":\"https:\/\/rawcyclingmag.com\/wp-content\/uploads\/2020\/09\/4205064a-cdf6-4810-b359-528d474ddd30-e1600967092133.jpg\",\"datePublished\":\"2020-09-24T19:36:07+00:00\",\"breadcrumb\":{\"@id\":\"https:\/\/rawcyclingmag.com\/es\/chris-hall-107-millas-al-dia-durante-el-tour-de-francia\/#breadcrumb\"},\"inLanguage\":\"es\",\"potentialAction\":[{\"@type\":\"ReadAction\",\"target\":[\"https:\/\/rawcyclingmag.com\/es\/chris-hall-107-millas-al-dia-durante-el-tour-de-francia\/\"]}]},{\"@type\":\"ImageObject\",\"inLanguage\":\"es\",\"@id\":\"https:\/\/rawcyclingmag.com\/es\/chris-hall-107-millas-al-dia-durante-el-tour-de-francia\/#primaryimage\",\"url\":\"https:\/\/rawcyclingmag.com\/wp-content\/uploads\/2020\/09\/4205064a-cdf6-4810-b359-528d474ddd30-e1600967092133.jpg\",\"contentUrl\":\"https:\/\/rawcyclingmag.com\/wp-content\/uploads\/2020\/09\/4205064a-cdf6-4810-b359-528d474ddd30-e1600967092133.jpg\",\"width\":1600,\"height\":900},{\"@type\":\"BreadcrumbList\",\"@id\":\"https:\/\/rawcyclingmag.com\/es\/chris-hall-107-millas-al-dia-durante-el-tour-de-francia\/#breadcrumb\",\"itemListElement\":[{\"@type\":\"ListItem\",\"position\":1,\"name\":\"Portada\",\"item\":\"https:\/\/rawcyclingmag.com\/es\/\"},{\"@type\":\"ListItem\",\"position\":2,\"name\":\"Chris Hall: 107 millas al d\u00eda durante el Tour de Francia\"}]},{\"@type\":\"WebSite\",\"@id\":\"https:\/\/rawcyclingmag.com\/es\/#website\",\"url\":\"https:\/\/rawcyclingmag.com\/es\/\",\"name\":\"RAW Cycling Magazine\",\"description\":\"\",\"publisher\":{\"@id\":\"https:\/\/rawcyclingmag.com\/es\/#organization\"},\"potentialAction\":[{\"@type\":\"SearchAction\",\"target\":{\"@type\":\"EntryPoint\",\"urlTemplate\":\"https:\/\/rawcyclingmag.com\/es\/?s={search_term_string}\"},\"query-input\":{\"@type\":\"PropertyValueSpecification\",\"valueRequired\":true,\"valueName\":\"search_term_string\"}}],\"inLanguage\":\"es\"},{\"@type\":\"Organization\",\"@id\":\"https:\/\/rawcyclingmag.com\/es\/#organization\",\"name\":\"RAW Cycling Magazine\",\"url\":\"https:\/\/rawcyclingmag.com\/es\/\",\"logo\":{\"@type\":\"ImageObject\",\"inLanguage\":\"es\",\"@id\":\"https:\/\/rawcyclingmag.com\/es\/#\/schema\/logo\/image\/\",\"url\":\"https:\/\/rawcyclingmag.com\/wp-content\/uploads\/2018\/03\/RawMagazine.orange.medium.png\",\"contentUrl\":\"https:\/\/rawcyclingmag.com\/wp-content\/uploads\/2018\/03\/RawMagazine.orange.medium.png\",\"width\":300,\"height\":140,\"caption\":\"RAW Cycling Magazine\"},\"image\":{\"@id\":\"https:\/\/rawcyclingmag.com\/es\/#\/schema\/logo\/image\/\"},\"sameAs\":[\"http:\/\/facebook.com\/rawcyclingmag\",\"https:\/\/x.com\/rawcyclingmag\",\"http:\/\/instagram.com\/rawcyclingmag\"]},{\"@type\":\"Person\",\"@id\":\"https:\/\/rawcyclingmag.com\/es\/#\/schema\/person\/9a9334e46cc1757dface39a245240ac2\",\"name\":\"Javi Angulo\",\"image\":{\"@type\":\"ImageObject\",\"inLanguage\":\"es\",\"@id\":\"https:\/\/rawcyclingmag.com\/es\/#\/schema\/person\/image\/\",\"url\":\"https:\/\/secure.gravatar.com\/avatar\/43ed55df3e74b6c072beb9233deb1a217e863d4c5f7f1b3e22ac72c861b226df?s=96&d=mm&r=g\",\"contentUrl\":\"https:\/\/secure.gravatar.com\/avatar\/43ed55df3e74b6c072beb9233deb1a217e863d4c5f7f1b3e22ac72c861b226df?s=96&d=mm&r=g\",\"caption\":\"Javi Angulo\"},\"description\":\"Javi es nuestro corresponsal en B\u00e9lgica, y trata de contrarrestar su obsesiva pasi\u00f3n por el an\u00e1lisis de datos con la relajante acci\u00f3n (o eso es lo que dice) de crear contenido para la revista. Javi is based in Belgium and tries to compensate for his obsessive passion for data analytics with the relaxing action (that's what he says) of creating content for the magazine.\",\"sameAs\":[\"https:\/\/www.instagram.com\/javiangulog\/\"],\"url\":\"https:\/\/rawcyclingmag.com\/es\/author\/javi\/\"}]}<\/script>\n<!-- \/ Yoast SEO Premium plugin. -->","yoast_head_json":{"title":"Chris Hall: 107 millas al d\u00eda durante el Tour de Francia - RAW Cycling Magazine","robots":{"index":"index","follow":"follow","max-snippet":"max-snippet:-1","max-image-preview":"max-image-preview:large","max-video-preview":"max-video-preview:-1"},"canonical":"https:\/\/rawcyclingmag.com\/es\/chris-hall-107-millas-al-dia-durante-el-tour-de-francia\/","og_locale":"es_ES","og_type":"article","og_title":"Chris Hall: 107 millas al d\u00eda durante el Tour de Francia","og_description":"Mientras se realizaba el Tour de Francia hace apenas unos d\u00edas, Chris Hall recorr\u00eda al mismo tiempo un m\u00ednimo de","og_url":"https:\/\/rawcyclingmag.com\/es\/chris-hall-107-millas-al-dia-durante-el-tour-de-francia\/","og_site_name":"RAW Cycling Magazine","article_publisher":"http:\/\/facebook.com\/rawcyclingmag","article_published_time":"2020-09-24T19:36:07+00:00","og_image":[{"width":1600,"height":900,"url":"https:\/\/rawcyclingmag.com\/wp-content\/uploads\/2020\/09\/4205064a-cdf6-4810-b359-528d474ddd30-e1600967092133.jpg","type":"image\/jpeg"}],"author":"Javi Angulo","twitter_card":"summary_large_image","twitter_creator":"@rawcyclingmag","twitter_site":"@rawcyclingmag","twitter_misc":{"Escrito por":"Javi Angulo","Tiempo de lectura":"7 minutos"},"schema":{"@context":"https:\/\/schema.org","@graph":[{"@type":"Article","@id":"https:\/\/rawcyclingmag.com\/es\/chris-hall-107-millas-al-dia-durante-el-tour-de-francia\/#article","isPartOf":{"@id":"https:\/\/rawcyclingmag.com\/es\/chris-hall-107-millas-al-dia-durante-el-tour-de-francia\/"},"author":{"name":"Javi Angulo","@id":"https:\/\/rawcyclingmag.com\/es\/#\/schema\/person\/9a9334e46cc1757dface39a245240ac2"},"headline":"Chris Hall: 107 millas al d\u00eda durante el Tour de Francia","datePublished":"2020-09-24T19:36:07+00:00","mainEntityOfPage":{"@id":"https:\/\/rawcyclingmag.com\/es\/chris-hall-107-millas-al-dia-durante-el-tour-de-francia\/"},"wordCount":1477,"commentCount":0,"publisher":{"@id":"https:\/\/rawcyclingmag.com\/es\/#organization"},"image":{"@id":"https:\/\/rawcyclingmag.com\/es\/chris-hall-107-millas-al-dia-durante-el-tour-de-francia\/#primaryimage"},"thumbnailUrl":"https:\/\/rawcyclingmag.com\/wp-content\/uploads\/2020\/09\/4205064a-cdf6-4810-b359-528d474ddd30-e1600967092133.jpg","keywords":["ultradistance"],"articleSection":["Destacado","Noticias"],"inLanguage":"es","potentialAction":[{"@type":"CommentAction","name":"Comment","target":["https:\/\/rawcyclingmag.com\/es\/chris-hall-107-millas-al-dia-durante-el-tour-de-francia\/#respond"]}]},{"@type":"WebPage","@id":"https:\/\/rawcyclingmag.com\/es\/chris-hall-107-millas-al-dia-durante-el-tour-de-francia\/","url":"https:\/\/rawcyclingmag.com\/es\/chris-hall-107-millas-al-dia-durante-el-tour-de-francia\/","name":"Chris Hall: 107 millas al d\u00eda durante el Tour de Francia - RAW Cycling Magazine","isPartOf":{"@id":"https:\/\/rawcyclingmag.com\/es\/#website"},"primaryImageOfPage":{"@id":"https:\/\/rawcyclingmag.com\/es\/chris-hall-107-millas-al-dia-durante-el-tour-de-francia\/#primaryimage"},"image":{"@id":"https:\/\/rawcyclingmag.com\/es\/chris-hall-107-millas-al-dia-durante-el-tour-de-francia\/#primaryimage"},"thumbnailUrl":"https:\/\/rawcyclingmag.com\/wp-content\/uploads\/2020\/09\/4205064a-cdf6-4810-b359-528d474ddd30-e1600967092133.jpg","datePublished":"2020-09-24T19:36:07+00:00","breadcrumb":{"@id":"https:\/\/rawcyclingmag.com\/es\/chris-hall-107-millas-al-dia-durante-el-tour-de-francia\/#breadcrumb"},"inLanguage":"es","potentialAction":[{"@type":"ReadAction","target":["https:\/\/rawcyclingmag.com\/es\/chris-hall-107-millas-al-dia-durante-el-tour-de-francia\/"]}]},{"@type":"ImageObject","inLanguage":"es","@id":"https:\/\/rawcyclingmag.com\/es\/chris-hall-107-millas-al-dia-durante-el-tour-de-francia\/#primaryimage","url":"https:\/\/rawcyclingmag.com\/wp-content\/uploads\/2020\/09\/4205064a-cdf6-4810-b359-528d474ddd30-e1600967092133.jpg","contentUrl":"https:\/\/rawcyclingmag.com\/wp-content\/uploads\/2020\/09\/4205064a-cdf6-4810-b359-528d474ddd30-e1600967092133.jpg","width":1600,"height":900},{"@type":"BreadcrumbList","@id":"https:\/\/rawcyclingmag.com\/es\/chris-hall-107-millas-al-dia-durante-el-tour-de-francia\/#breadcrumb","itemListElement":[{"@type":"ListItem","position":1,"name":"Portada","item":"https:\/\/rawcyclingmag.com\/es\/"},{"@type":"ListItem","position":2,"name":"Chris Hall: 107 millas al d\u00eda durante el Tour de Francia"}]},{"@type":"WebSite","@id":"https:\/\/rawcyclingmag.com\/es\/#website","url":"https:\/\/rawcyclingmag.com\/es\/","name":"RAW Cycling Magazine","description":"","publisher":{"@id":"https:\/\/rawcyclingmag.com\/es\/#organization"},"potentialAction":[{"@type":"SearchAction","target":{"@type":"EntryPoint","urlTemplate":"https:\/\/rawcyclingmag.com\/es\/?s={search_term_string}"},"query-input":{"@type":"PropertyValueSpecification","valueRequired":true,"valueName":"search_term_string"}}],"inLanguage":"es"},{"@type":"Organization","@id":"https:\/\/rawcyclingmag.com\/es\/#organization","name":"RAW Cycling Magazine","url":"https:\/\/rawcyclingmag.com\/es\/","logo":{"@type":"ImageObject","inLanguage":"es","@id":"https:\/\/rawcyclingmag.com\/es\/#\/schema\/logo\/image\/","url":"https:\/\/rawcyclingmag.com\/wp-content\/uploads\/2018\/03\/RawMagazine.orange.medium.png","contentUrl":"https:\/\/rawcyclingmag.com\/wp-content\/uploads\/2018\/03\/RawMagazine.orange.medium.png","width":300,"height":140,"caption":"RAW Cycling Magazine"},"image":{"@id":"https:\/\/rawcyclingmag.com\/es\/#\/schema\/logo\/image\/"},"sameAs":["http:\/\/facebook.com\/rawcyclingmag","https:\/\/x.com\/rawcyclingmag","http:\/\/instagram.com\/rawcyclingmag"]},{"@type":"Person","@id":"https:\/\/rawcyclingmag.com\/es\/#\/schema\/person\/9a9334e46cc1757dface39a245240ac2","name":"Javi Angulo","image":{"@type":"ImageObject","inLanguage":"es","@id":"https:\/\/rawcyclingmag.com\/es\/#\/schema\/person\/image\/","url":"https:\/\/secure.gravatar.com\/avatar\/43ed55df3e74b6c072beb9233deb1a217e863d4c5f7f1b3e22ac72c861b226df?s=96&d=mm&r=g","contentUrl":"https:\/\/secure.gravatar.com\/avatar\/43ed55df3e74b6c072beb9233deb1a217e863d4c5f7f1b3e22ac72c861b226df?s=96&d=mm&r=g","caption":"Javi Angulo"},"description":"Javi es nuestro corresponsal en B\u00e9lgica, y trata de contrarrestar su obsesiva pasi\u00f3n por el an\u00e1lisis de datos con la relajante acci\u00f3n (o eso es lo que dice) de crear contenido para la revista. Javi is based in Belgium and tries to compensate for his obsessive passion for data analytics with the relaxing action (that's what he says) of creating content for the magazine.","sameAs":["https:\/\/www.instagram.com\/javiangulog\/"],"url":"https:\/\/rawcyclingmag.com\/es\/author\/javi\/"}]}},"_links":{"self":[{"href":"https:\/\/rawcyclingmag.com\/es\/wp-json\/wp\/v2\/posts\/36759","targetHints":{"allow":["GET"]}}],"collection":[{"href":"https:\/\/rawcyclingmag.com\/es\/wp-json\/wp\/v2\/posts"}],"about":[{"href":"https:\/\/rawcyclingmag.com\/es\/wp-json\/wp\/v2\/types\/post"}],"author":[{"embeddable":true,"href":"https:\/\/rawcyclingmag.com\/es\/wp-json\/wp\/v2\/users\/11"}],"replies":[{"embeddable":true,"href":"https:\/\/rawcyclingmag.com\/es\/wp-json\/wp\/v2\/comments?post=36759"}],"version-history":[{"count":0,"href":"https:\/\/rawcyclingmag.com\/es\/wp-json\/wp\/v2\/posts\/36759\/revisions"}],"wp:featuredmedia":[{"embeddable":true,"href":"https:\/\/rawcyclingmag.com\/es\/wp-json\/wp\/v2\/media\/29569"}],"wp:attachment":[{"href":"https:\/\/rawcyclingmag.com\/es\/wp-json\/wp\/v2\/media?parent=36759"}],"wp:term":[{"taxonomy":"category","embeddable":true,"href":"https:\/\/rawcyclingmag.com\/es\/wp-json\/wp\/v2\/categories?post=36759"},{"taxonomy":"post_tag","embeddable":true,"href":"https:\/\/rawcyclingmag.com\/es\/wp-json\/wp\/v2\/tags?post=36759"}],"curies":[{"name":"wp","href":"https:\/\/api.w.org\/{rel}","templated":true}]}}