{"id":36623,"date":"2019-10-08T23:00:41","date_gmt":"2019-10-08T21:00:41","guid":{"rendered":"https:\/\/raw.ecoolabs.com\/deiadar-gravel-la-llamada-del-cuerno\/"},"modified":"2019-10-08T23:00:41","modified_gmt":"2019-10-08T21:00:41","slug":"deiadar-gravel-la-llamada-del-cuerno","status":"publish","type":"post","link":"https:\/\/rawcyclingmag.com\/es\/deiadar-gravel-la-llamada-del-cuerno\/","title":{"rendered":"Deiadar Gravel, la llamada del cuerno"},"content":{"rendered":"<p><span style=\"font-weight: 400;\">A mediados de agosto, Toni me llam\u00f3 para comentarme que nos \u00edbamos al Pa\u00eds Vasco a un evento gravel que se organizaba, <a href=\"http:\/\/deiadargravel.com\/\" target=\"_blank\" rel=\"noopener noreferrer\">Deiadar Gravel<\/a> me dijo.<\/span><\/p>\n<p>Hasta el momento no hab\u00eda o\u00eddo hablar de ello pero me bast\u00f3 unos minutos para entrar en su web y ver m\u00e1s informaci\u00f3n acerca de los duros recorridos que propon\u00eda la organizaci\u00f3n (<span style=\"font-weight: 400;\">5.000m+ divididos en 2 d\u00edas)<\/span> y la buena pinta que ten\u00eda todo: ubicaci\u00f3n, naturaleza, filosof\u00eda del evento, etc.<\/p>\n\n\t\t<style type=\"text\/css\">\n\t\t\t#gallery-1 {\n\t\t\t\tmargin: auto;\n\t\t\t}\n\t\t\t#gallery-1 .gallery-item {\n\t\t\t\tfloat: left;\n\t\t\t\tmargin-top: 10px;\n\t\t\t\ttext-align: center;\n\t\t\t\twidth: 33%;\n\t\t\t}\n\t\t\t#gallery-1 img {\n\t\t\t\tborder: 2px solid #cfcfcf;\n\t\t\t}\n\t\t\t#gallery-1 .gallery-caption {\n\t\t\t\tmargin-left: 0;\n\t\t\t}\n\t\t\t\/* see gallery_shortcode() in wp-includes\/media.php *\/\n\t\t<\/style>\n\t\t<div id='gallery-1' class='gallery galleryid-36623 gallery-columns-3 gallery-size-full'><dl class='gallery-item'>\n\t\t\t<dt class='gallery-icon landscape'>\n\t\t\t\t<a href='https:\/\/rawcyclingmag.com\/wp-content\/uploads\/2019\/10\/U5A6158.jpg'><img decoding=\"async\" width=\"2000\" height=\"1333\" src=\"https:\/\/rawcyclingmag.com\/wp-content\/uploads\/2019\/10\/U5A6158.jpg\" class=\"attachment-full size-full\" alt=\"\" srcset=\"https:\/\/rawcyclingmag.com\/wp-content\/uploads\/2019\/10\/U5A6158.jpg 2000w, https:\/\/rawcyclingmag.com\/wp-content\/uploads\/2019\/10\/U5A6158-300x200.jpg 300w, https:\/\/rawcyclingmag.com\/wp-content\/uploads\/2019\/10\/U5A6158-768x512.jpg 768w, https:\/\/rawcyclingmag.com\/wp-content\/uploads\/2019\/10\/U5A6158-1024x682.jpg 1024w, https:\/\/rawcyclingmag.com\/wp-content\/uploads\/2019\/10\/U5A6158-600x400.jpg 600w\" sizes=\"(max-width: 2000px) 100vw, 2000px\" \/><\/a>\n\t\t\t<\/dt><\/dl><dl class='gallery-item'>\n\t\t\t<dt class='gallery-icon landscape'>\n\t\t\t\t<a href='https:\/\/rawcyclingmag.com\/wp-content\/uploads\/2019\/10\/U5A6754.jpg'><img decoding=\"async\" width=\"2000\" height=\"1333\" src=\"https:\/\/rawcyclingmag.com\/wp-content\/uploads\/2019\/10\/U5A6754.jpg\" class=\"attachment-full size-full\" alt=\"\" srcset=\"https:\/\/rawcyclingmag.com\/wp-content\/uploads\/2019\/10\/U5A6754.jpg 2000w, https:\/\/rawcyclingmag.com\/wp-content\/uploads\/2019\/10\/U5A6754-300x200.jpg 300w, https:\/\/rawcyclingmag.com\/wp-content\/uploads\/2019\/10\/U5A6754-768x512.jpg 768w, https:\/\/rawcyclingmag.com\/wp-content\/uploads\/2019\/10\/U5A6754-1024x682.jpg 1024w, https:\/\/rawcyclingmag.com\/wp-content\/uploads\/2019\/10\/U5A6754-600x400.jpg 600w\" sizes=\"(max-width: 2000px) 100vw, 2000px\" \/><\/a>\n\t\t\t<\/dt><\/dl><dl class='gallery-item'>\n\t\t\t<dt class='gallery-icon landscape'>\n\t\t\t\t<a href='https:\/\/rawcyclingmag.com\/wp-content\/uploads\/2019\/10\/U5A6669.jpg'><img decoding=\"async\" width=\"2000\" height=\"1333\" src=\"https:\/\/rawcyclingmag.com\/wp-content\/uploads\/2019\/10\/U5A6669.jpg\" class=\"attachment-full size-full\" alt=\"\" srcset=\"https:\/\/rawcyclingmag.com\/wp-content\/uploads\/2019\/10\/U5A6669.jpg 2000w, https:\/\/rawcyclingmag.com\/wp-content\/uploads\/2019\/10\/U5A6669-300x200.jpg 300w, https:\/\/rawcyclingmag.com\/wp-content\/uploads\/2019\/10\/U5A6669-768x512.jpg 768w, https:\/\/rawcyclingmag.com\/wp-content\/uploads\/2019\/10\/U5A6669-1024x682.jpg 1024w, https:\/\/rawcyclingmag.com\/wp-content\/uploads\/2019\/10\/U5A6669-600x400.jpg 600w\" sizes=\"(max-width: 2000px) 100vw, 2000px\" \/><\/a>\n\t\t\t<\/dt><\/dl><br style=\"clear: both\" \/>\n\t\t<\/div>\n\n<p>Tan solo unos d\u00edas m\u00e1s tarde, fruto de la mala suerte, tuve una peque\u00f1a ca\u00edda en bici que me dej\u00f3 sin posibilidades de participar como corredor en el evento as\u00ed que de seguida le dimos la vuelta a la situaci\u00f3n y decidimos seguir adelante con el plan pero cambiando la bici por la c\u00e1mara de fotos y optando por acompa\u00f1ar a la organizaci\u00f3n recorriendo <span style=\"font-weight: 400;\">Pe\u00f1as Negras y Pe\u00f1as Blancas, en los alrededores de Bilbao, durante todo el fin de semana.<\/span><\/p>\n<p><span style=\"font-weight: 400;\">Fue muy interesante ver c\u00f3mo funciona una prueba de estas caracter\u00edsticas desde dentro. Me qued\u00e9 gratamente sorprendido como trascendi\u00f3 todo y la calidad con la que Ibai (organizador) cuidaba de todos los detalles.<\/span><\/p>\n<p>A nivel prueba, el principal protagonista fue el paraje donde se llevaba a cabo el evento. El campo base se ubicaba en el peque\u00f1o pueblo de La Arboleda, situado en el Valle de Tr\u00e1paga y conocido por su relaci\u00f3n hist\u00f3rica con las minas. Los participantes, cada d\u00eda y tras hacer sonar el cuerno s\u00edmbolo de esta prueba, part\u00edan desde el albergue municipal hacia los montes m\u00e1s altos de la zona en busca de las pistas y senderos m\u00e1s bonitos (y duros) de la zona.<\/p>\n<p><img decoding=\"async\" class=\"aligncenter size-full wp-image-9839\" src=\"http:\/\/rawcyclingmag.com\/wp-content\/uploads\/2019\/10\/U5A6142.jpg\" alt=\"\" width=\"2000\" height=\"1333\" srcset=\"https:\/\/rawcyclingmag.com\/wp-content\/uploads\/2019\/10\/U5A6142.jpg 1920w, https:\/\/rawcyclingmag.com\/wp-content\/uploads\/2019\/10\/U5A6142-300x200.jpg 300w, https:\/\/rawcyclingmag.com\/wp-content\/uploads\/2019\/10\/U5A6142-768x512.jpg 768w, https:\/\/rawcyclingmag.com\/wp-content\/uploads\/2019\/10\/U5A6142-1024x682.jpg 1024w, https:\/\/rawcyclingmag.com\/wp-content\/uploads\/2019\/10\/U5A6142-600x400.jpg 600w\" sizes=\"(max-width: 2000px) 100vw, 2000px\" \/><\/p>\n<p>A pesar de no ser una prueba competitiva y que la organizaci\u00f3n recomendaba priorizar el disfrute en lugar de querer ser el m\u00e1s r\u00e1pido, hubo quien aprovech\u00f3 para estrujar su cuerpo al m\u00e1ximo y poner a prueba su rendimiento en las subidas m\u00e1s exigentes, que las hab\u00eda, evidentemente.<\/p>\n<p>En l\u00edneas generales, se respir\u00f3 un ambiente super sano durante todo el fin de semana, la organizaci\u00f3n cuid\u00f3 muy bien de los participantes y la gente principalmente buscaba disfrutar, crear nuevas amistades y lazos de uni\u00f3n con gente de otra zona y, sobre todo, explorar y compartir su afici\u00f3n por el mundo gravel.<\/p>\n<p><span style=\"font-weight: 400;\">Aprovechamos la ocasi\u00f3n para hacerle algunas preguntas a Ibai y ver conocer un poco m\u00e1s la prueba desde el punto de vista como organizador.<\/span><\/p>\n<p><strong>\u00bfQu\u00e9 te llev\u00f3 a organizar Deiadar? \u00bfEs una idea que lleva tiempo rondando por tu cabeza o ha sido m\u00e1s fruto de un impulso y hacerlo de inmediato?<\/strong><\/p>\n<blockquote><p>&#8220;Es un proyecto que surge para hacer realidad un sue\u00f1o: crear el primer evento Gravel en Euskal Herria, en concreto en Bizkaia y verlo crecer. Ha llevado bastante tiempo conseguir plasmar todas las ideas que ten\u00eda en la cabeza, combinar cultura, naturaleza, y mi pasi\u00f3n por la bici, pero al final, creo que ha salido tal y como lo imagin\u00e1bamos.&#8221;<\/p><\/blockquote>\n\n\t\t<style type=\"text\/css\">\n\t\t\t#gallery-2 {\n\t\t\t\tmargin: auto;\n\t\t\t}\n\t\t\t#gallery-2 .gallery-item {\n\t\t\t\tfloat: left;\n\t\t\t\tmargin-top: 10px;\n\t\t\t\ttext-align: center;\n\t\t\t\twidth: 25%;\n\t\t\t}\n\t\t\t#gallery-2 img {\n\t\t\t\tborder: 2px solid #cfcfcf;\n\t\t\t}\n\t\t\t#gallery-2 .gallery-caption {\n\t\t\t\tmargin-left: 0;\n\t\t\t}\n\t\t\t\/* see gallery_shortcode() in wp-includes\/media.php *\/\n\t\t<\/style>\n\t\t<div id='gallery-2' class='gallery galleryid-36623 gallery-columns-4 gallery-size-full'><dl class='gallery-item'>\n\t\t\t<dt class='gallery-icon landscape'>\n\t\t\t\t<a href='https:\/\/rawcyclingmag.com\/wp-content\/uploads\/2019\/10\/U5A5946.jpg'><img decoding=\"async\" width=\"2000\" height=\"1333\" src=\"https:\/\/rawcyclingmag.com\/wp-content\/uploads\/2019\/10\/U5A5946.jpg\" class=\"attachment-full size-full\" alt=\"\" srcset=\"https:\/\/rawcyclingmag.com\/wp-content\/uploads\/2019\/10\/U5A5946.jpg 2000w, https:\/\/rawcyclingmag.com\/wp-content\/uploads\/2019\/10\/U5A5946-300x200.jpg 300w, https:\/\/rawcyclingmag.com\/wp-content\/uploads\/2019\/10\/U5A5946-768x512.jpg 768w, https:\/\/rawcyclingmag.com\/wp-content\/uploads\/2019\/10\/U5A5946-1024x682.jpg 1024w, https:\/\/rawcyclingmag.com\/wp-content\/uploads\/2019\/10\/U5A5946-600x400.jpg 600w\" sizes=\"(max-width: 2000px) 100vw, 2000px\" \/><\/a>\n\t\t\t<\/dt><\/dl><dl class='gallery-item'>\n\t\t\t<dt class='gallery-icon landscape'>\n\t\t\t\t<a href='https:\/\/rawcyclingmag.com\/wp-content\/uploads\/2019\/10\/U5A6019.jpg'><img decoding=\"async\" width=\"2000\" height=\"1333\" src=\"https:\/\/rawcyclingmag.com\/wp-content\/uploads\/2019\/10\/U5A6019.jpg\" class=\"attachment-full size-full\" alt=\"\" srcset=\"https:\/\/rawcyclingmag.com\/wp-content\/uploads\/2019\/10\/U5A6019.jpg 2000w, https:\/\/rawcyclingmag.com\/wp-content\/uploads\/2019\/10\/U5A6019-300x200.jpg 300w, https:\/\/rawcyclingmag.com\/wp-content\/uploads\/2019\/10\/U5A6019-768x512.jpg 768w, https:\/\/rawcyclingmag.com\/wp-content\/uploads\/2019\/10\/U5A6019-1024x682.jpg 1024w, https:\/\/rawcyclingmag.com\/wp-content\/uploads\/2019\/10\/U5A6019-600x400.jpg 600w\" sizes=\"(max-width: 2000px) 100vw, 2000px\" \/><\/a>\n\t\t\t<\/dt><\/dl><dl class='gallery-item'>\n\t\t\t<dt class='gallery-icon landscape'>\n\t\t\t\t<a href='https:\/\/rawcyclingmag.com\/wp-content\/uploads\/2019\/10\/U5A6261.jpg'><img decoding=\"async\" width=\"2000\" height=\"1333\" src=\"https:\/\/rawcyclingmag.com\/wp-content\/uploads\/2019\/10\/U5A6261.jpg\" class=\"attachment-full size-full\" alt=\"\" srcset=\"https:\/\/rawcyclingmag.com\/wp-content\/uploads\/2019\/10\/U5A6261.jpg 2000w, https:\/\/rawcyclingmag.com\/wp-content\/uploads\/2019\/10\/U5A6261-300x200.jpg 300w, https:\/\/rawcyclingmag.com\/wp-content\/uploads\/2019\/10\/U5A6261-768x512.jpg 768w, https:\/\/rawcyclingmag.com\/wp-content\/uploads\/2019\/10\/U5A6261-1024x682.jpg 1024w, https:\/\/rawcyclingmag.com\/wp-content\/uploads\/2019\/10\/U5A6261-600x400.jpg 600w\" sizes=\"(max-width: 2000px) 100vw, 2000px\" \/><\/a>\n\t\t\t<\/dt><\/dl><dl class='gallery-item'>\n\t\t\t<dt class='gallery-icon landscape'>\n\t\t\t\t<a href='https:\/\/rawcyclingmag.com\/wp-content\/uploads\/2019\/10\/U5A6628.jpg'><img decoding=\"async\" width=\"2000\" height=\"1333\" src=\"https:\/\/rawcyclingmag.com\/wp-content\/uploads\/2019\/10\/U5A6628.jpg\" class=\"attachment-full size-full\" alt=\"\" srcset=\"https:\/\/rawcyclingmag.com\/wp-content\/uploads\/2019\/10\/U5A6628.jpg 2000w, https:\/\/rawcyclingmag.com\/wp-content\/uploads\/2019\/10\/U5A6628-300x200.jpg 300w, https:\/\/rawcyclingmag.com\/wp-content\/uploads\/2019\/10\/U5A6628-768x512.jpg 768w, https:\/\/rawcyclingmag.com\/wp-content\/uploads\/2019\/10\/U5A6628-1024x682.jpg 1024w, https:\/\/rawcyclingmag.com\/wp-content\/uploads\/2019\/10\/U5A6628-600x400.jpg 600w\" sizes=\"(max-width: 2000px) 100vw, 2000px\" \/><\/a>\n\t\t\t<\/dt><\/dl><br style=\"clear: both\" \/>\n\t\t<\/div>\n\n<p><strong>\u00bfPor qu\u00e9 Deiadar como nombre? \u00bfDe d\u00f3nde procede?<\/strong><\/p>\n<blockquote><p>&#8220;DEIADAR es una palabra en Euskera compuesta a su vez por dos palabras DEI-ADAR. \u201cDEI\u201d significa LLAMADA y \u201cADAR\u201d significa CUERNO. Procede, de la Edad Media, desde 5 montes, llamados montes bocineros (en Euskera DEIADAR mendiak) mediante se\u00f1ales sonoras (con cuernos) y luminosas (hogueras que se manten\u00edan hasta el amanecer), se convocaban las Juntas Generales del Se\u00f1or\u00edo de Bizkaia.<\/p>\n<p>No es casualidad que se <span style=\"font-weight: 400;\">utilizar\u00e1n <\/span>estas 5 cumbres para dar el aviso, cada una pertenece a una comarca distinta del Se\u00f1or\u00edo y adem\u00e1s forman un cintur\u00f3n de monta\u00f1as que abarca toda Bizkaia, de esta forma el sonido de los cuernos y la luz de las fogatas llegaban a todo el territorio.<\/p>\n<p>Eleg\u00ed esta tem\u00e1tica para no ser un recorrido m\u00e1s por los montes, sino hacerlo a trav\u00e9s de la cultura vasca.&#8221;<\/p><\/blockquote>\n<p><strong>Nos encant\u00f3 como fusionaste el evento con la naturaleza y el entorno (ni que decir del detalle de hacer sonar el cuerno). Cu\u00e9ntanos un poco m\u00e1s cu\u00e1l era tu visi\u00f3n a la hora de organizar Deiadar.<\/strong><\/p>\n<blockquote><p>&#8220;Mi visi\u00f3n era clara cada uno de los 50 asistentes ten\u00edan que SENTIR eso que yo siento al recorrer estas pistas, esas monta\u00f1as, yo conozco desde peque\u00f1o nuestra cultura y queria transmitir esa magia aunando el gravel con mitolog\u00eda y naturaleza.&#8221;<\/p><\/blockquote>\n\n\t\t<style type=\"text\/css\">\n\t\t\t#gallery-3 {\n\t\t\t\tmargin: auto;\n\t\t\t}\n\t\t\t#gallery-3 .gallery-item {\n\t\t\t\tfloat: left;\n\t\t\t\tmargin-top: 10px;\n\t\t\t\ttext-align: center;\n\t\t\t\twidth: 50%;\n\t\t\t}\n\t\t\t#gallery-3 img {\n\t\t\t\tborder: 2px solid #cfcfcf;\n\t\t\t}\n\t\t\t#gallery-3 .gallery-caption {\n\t\t\t\tmargin-left: 0;\n\t\t\t}\n\t\t\t\/* see gallery_shortcode() in wp-includes\/media.php *\/\n\t\t<\/style>\n\t\t<div id='gallery-3' class='gallery galleryid-36623 gallery-columns-2 gallery-size-full'><dl class='gallery-item'>\n\t\t\t<dt class='gallery-icon landscape'>\n\t\t\t\t<a href='https:\/\/rawcyclingmag.com\/wp-content\/uploads\/2019\/10\/U5A6440.jpg'><img decoding=\"async\" width=\"2000\" height=\"1333\" src=\"https:\/\/rawcyclingmag.com\/wp-content\/uploads\/2019\/10\/U5A6440.jpg\" class=\"attachment-full size-full\" alt=\"\" srcset=\"https:\/\/rawcyclingmag.com\/wp-content\/uploads\/2019\/10\/U5A6440.jpg 2000w, https:\/\/rawcyclingmag.com\/wp-content\/uploads\/2019\/10\/U5A6440-300x200.jpg 300w, https:\/\/rawcyclingmag.com\/wp-content\/uploads\/2019\/10\/U5A6440-768x512.jpg 768w, https:\/\/rawcyclingmag.com\/wp-content\/uploads\/2019\/10\/U5A6440-1024x682.jpg 1024w, https:\/\/rawcyclingmag.com\/wp-content\/uploads\/2019\/10\/U5A6440-600x400.jpg 600w\" sizes=\"(max-width: 2000px) 100vw, 2000px\" \/><\/a>\n\t\t\t<\/dt><\/dl><dl class='gallery-item'>\n\t\t\t<dt class='gallery-icon landscape'>\n\t\t\t\t<a href='https:\/\/rawcyclingmag.com\/wp-content\/uploads\/2019\/10\/U5A6699.jpg'><img decoding=\"async\" width=\"2000\" height=\"1333\" src=\"https:\/\/rawcyclingmag.com\/wp-content\/uploads\/2019\/10\/U5A6699.jpg\" class=\"attachment-full size-full\" alt=\"\" srcset=\"https:\/\/rawcyclingmag.com\/wp-content\/uploads\/2019\/10\/U5A6699.jpg 2000w, https:\/\/rawcyclingmag.com\/wp-content\/uploads\/2019\/10\/U5A6699-300x200.jpg 300w, https:\/\/rawcyclingmag.com\/wp-content\/uploads\/2019\/10\/U5A6699-768x512.jpg 768w, https:\/\/rawcyclingmag.com\/wp-content\/uploads\/2019\/10\/U5A6699-1024x682.jpg 1024w, https:\/\/rawcyclingmag.com\/wp-content\/uploads\/2019\/10\/U5A6699-600x400.jpg 600w\" sizes=\"(max-width: 2000px) 100vw, 2000px\" \/><\/a>\n\t\t\t<\/dt><\/dl><br style=\"clear: both\" \/>\n\t\t<\/div>\n\n<p><strong>Entre los asistentes se pod\u00eda sentir el cansancio y la satisfacci\u00f3n por un gran evento gravel, \u00bfcual fue el feedback general que percibiste durante el fin de semana?<\/strong><\/p>\n<blockquote><p>&#8220;Soy consciente de la dureza de nuestra orograf\u00eda, tanto como del verde de nuestras monta\u00f1as. Pero el feedback del fin de semana a sido muy positivo, e intentado estar presente en la llegada de todos los participantes al albergue, percib\u00eda en sus ojos y su sonrisa el trabajo bien hecho, por encima de sus piernas cargadas y fatigadas.<\/p>\n<p>Muchos quer\u00edan reservar plaza para 2020, sin saber tan siquiera la fecha exacta.&#8221;<\/p><\/blockquote>\n<p><strong>Nos dejaste claro que, despu\u00e9s del \u00e9xito de esta primera edici\u00f3n, te pondr\u00edas a trabajar como loco en el a\u00f1o pr\u00f3ximo. \u00bfNos puedes adelantar alguna exclusiva?<\/strong><\/p>\n<blockquote><p>&#8220;En esta primera edici\u00f3n el escenario fue la comarca de las Encartaciones, y su monte bocinero el Kolitza con sus 883 m, es solo el primer monte de los 5 bocineros de Bizkaia, a\u00fan queda mucho por descubrir. El cuerno sonar\u00e1 de nuevo en 2020 desde otra cumbre Bizkaina, \u00bfAcudir\u00e1s a la llamada?&#8221;<\/p><\/blockquote>\n\n\t\t<style type=\"text\/css\">\n\t\t\t#gallery-4 {\n\t\t\t\tmargin: auto;\n\t\t\t}\n\t\t\t#gallery-4 .gallery-item {\n\t\t\t\tfloat: left;\n\t\t\t\tmargin-top: 10px;\n\t\t\t\ttext-align: center;\n\t\t\t\twidth: 33%;\n\t\t\t}\n\t\t\t#gallery-4 img {\n\t\t\t\tborder: 2px solid #cfcfcf;\n\t\t\t}\n\t\t\t#gallery-4 .gallery-caption {\n\t\t\t\tmargin-left: 0;\n\t\t\t}\n\t\t\t\/* see gallery_shortcode() in wp-includes\/media.php *\/\n\t\t<\/style>\n\t\t<div id='gallery-4' class='gallery galleryid-36623 gallery-columns-3 gallery-size-full'><dl class='gallery-item'>\n\t\t\t<dt class='gallery-icon landscape'>\n\t\t\t\t<a href='https:\/\/rawcyclingmag.com\/wp-content\/uploads\/2019\/10\/U5A6642.jpg'><img decoding=\"async\" width=\"2000\" height=\"1333\" src=\"https:\/\/rawcyclingmag.com\/wp-content\/uploads\/2019\/10\/U5A6642.jpg\" class=\"attachment-full size-full\" alt=\"\" srcset=\"https:\/\/rawcyclingmag.com\/wp-content\/uploads\/2019\/10\/U5A6642.jpg 2000w, https:\/\/rawcyclingmag.com\/wp-content\/uploads\/2019\/10\/U5A6642-300x200.jpg 300w, https:\/\/rawcyclingmag.com\/wp-content\/uploads\/2019\/10\/U5A6642-768x512.jpg 768w, https:\/\/rawcyclingmag.com\/wp-content\/uploads\/2019\/10\/U5A6642-1024x682.jpg 1024w, https:\/\/rawcyclingmag.com\/wp-content\/uploads\/2019\/10\/U5A6642-600x400.jpg 600w\" sizes=\"(max-width: 2000px) 100vw, 2000px\" \/><\/a>\n\t\t\t<\/dt><\/dl><dl class='gallery-item'>\n\t\t\t<dt class='gallery-icon landscape'>\n\t\t\t\t<a href='https:\/\/rawcyclingmag.com\/wp-content\/uploads\/2019\/10\/U5A6681.jpg'><img decoding=\"async\" width=\"2000\" height=\"1333\" src=\"https:\/\/rawcyclingmag.com\/wp-content\/uploads\/2019\/10\/U5A6681.jpg\" class=\"attachment-full size-full\" alt=\"\" srcset=\"https:\/\/rawcyclingmag.com\/wp-content\/uploads\/2019\/10\/U5A6681.jpg 2000w, https:\/\/rawcyclingmag.com\/wp-content\/uploads\/2019\/10\/U5A6681-300x200.jpg 300w, https:\/\/rawcyclingmag.com\/wp-content\/uploads\/2019\/10\/U5A6681-768x512.jpg 768w, https:\/\/rawcyclingmag.com\/wp-content\/uploads\/2019\/10\/U5A6681-1024x682.jpg 1024w, https:\/\/rawcyclingmag.com\/wp-content\/uploads\/2019\/10\/U5A6681-600x400.jpg 600w\" sizes=\"(max-width: 2000px) 100vw, 2000px\" \/><\/a>\n\t\t\t<\/dt><\/dl><dl class='gallery-item'>\n\t\t\t<dt class='gallery-icon landscape'>\n\t\t\t\t<a href='https:\/\/rawcyclingmag.com\/wp-content\/uploads\/2019\/10\/U5A6735.jpg'><img decoding=\"async\" width=\"2000\" height=\"1333\" src=\"https:\/\/rawcyclingmag.com\/wp-content\/uploads\/2019\/10\/U5A6735.jpg\" class=\"attachment-full size-full\" alt=\"\" srcset=\"https:\/\/rawcyclingmag.com\/wp-content\/uploads\/2019\/10\/U5A6735.jpg 2000w, https:\/\/rawcyclingmag.com\/wp-content\/uploads\/2019\/10\/U5A6735-300x200.jpg 300w, https:\/\/rawcyclingmag.com\/wp-content\/uploads\/2019\/10\/U5A6735-768x512.jpg 768w, https:\/\/rawcyclingmag.com\/wp-content\/uploads\/2019\/10\/U5A6735-1024x682.jpg 1024w, https:\/\/rawcyclingmag.com\/wp-content\/uploads\/2019\/10\/U5A6735-600x400.jpg 600w\" sizes=\"(max-width: 2000px) 100vw, 2000px\" \/><\/a>\n\t\t\t<\/dt><\/dl><br style=\"clear: both\" \/><dl class='gallery-item'>\n\t\t\t<dt class='gallery-icon landscape'>\n\t\t\t\t<a href='https:\/\/rawcyclingmag.com\/wp-content\/uploads\/2019\/10\/U5A6315.jpg'><img decoding=\"async\" width=\"2000\" height=\"1333\" src=\"https:\/\/rawcyclingmag.com\/wp-content\/uploads\/2019\/10\/U5A6315.jpg\" class=\"attachment-full size-full\" alt=\"\" srcset=\"https:\/\/rawcyclingmag.com\/wp-content\/uploads\/2019\/10\/U5A6315.jpg 2000w, https:\/\/rawcyclingmag.com\/wp-content\/uploads\/2019\/10\/U5A6315-300x200.jpg 300w, https:\/\/rawcyclingmag.com\/wp-content\/uploads\/2019\/10\/U5A6315-768x512.jpg 768w, https:\/\/rawcyclingmag.com\/wp-content\/uploads\/2019\/10\/U5A6315-1024x682.jpg 1024w, https:\/\/rawcyclingmag.com\/wp-content\/uploads\/2019\/10\/U5A6315-600x400.jpg 600w\" sizes=\"(max-width: 2000px) 100vw, 2000px\" \/><\/a>\n\t\t\t<\/dt><\/dl><dl class='gallery-item'>\n\t\t\t<dt class='gallery-icon landscape'>\n\t\t\t\t<a href='https:\/\/rawcyclingmag.com\/wp-content\/uploads\/2019\/10\/U5A6600.jpg'><img decoding=\"async\" width=\"2000\" height=\"1333\" src=\"https:\/\/rawcyclingmag.com\/wp-content\/uploads\/2019\/10\/U5A6600.jpg\" class=\"attachment-full size-full\" alt=\"\" srcset=\"https:\/\/rawcyclingmag.com\/wp-content\/uploads\/2019\/10\/U5A6600.jpg 2000w, https:\/\/rawcyclingmag.com\/wp-content\/uploads\/2019\/10\/U5A6600-300x200.jpg 300w, https:\/\/rawcyclingmag.com\/wp-content\/uploads\/2019\/10\/U5A6600-768x512.jpg 768w, https:\/\/rawcyclingmag.com\/wp-content\/uploads\/2019\/10\/U5A6600-1024x682.jpg 1024w, https:\/\/rawcyclingmag.com\/wp-content\/uploads\/2019\/10\/U5A6600-600x400.jpg 600w\" sizes=\"(max-width: 2000px) 100vw, 2000px\" \/><\/a>\n\t\t\t<\/dt><\/dl><dl class='gallery-item'>\n\t\t\t<dt class='gallery-icon landscape'>\n\t\t\t\t<a href='https:\/\/rawcyclingmag.com\/wp-content\/uploads\/2019\/10\/U5A6534.jpg'><img decoding=\"async\" width=\"2000\" height=\"1333\" src=\"https:\/\/rawcyclingmag.com\/wp-content\/uploads\/2019\/10\/U5A6534.jpg\" class=\"attachment-full size-full\" alt=\"\" srcset=\"https:\/\/rawcyclingmag.com\/wp-content\/uploads\/2019\/10\/U5A6534.jpg 2000w, https:\/\/rawcyclingmag.com\/wp-content\/uploads\/2019\/10\/U5A6534-300x200.jpg 300w, https:\/\/rawcyclingmag.com\/wp-content\/uploads\/2019\/10\/U5A6534-768x512.jpg 768w, https:\/\/rawcyclingmag.com\/wp-content\/uploads\/2019\/10\/U5A6534-1024x682.jpg 1024w, https:\/\/rawcyclingmag.com\/wp-content\/uploads\/2019\/10\/U5A6534-600x400.jpg 600w\" sizes=\"(max-width: 2000px) 100vw, 2000px\" \/><\/a>\n\t\t\t<\/dt><\/dl><br style=\"clear: both\" \/>\n\t\t<\/div>\n\n<p>Fotos de: <a href=\"http:\/\/www.brazodehierro.com\" target=\"_blank\" rel=\"noopener noreferrer\">Brazo de Hierro<\/a><\/p>\n","protected":false},"excerpt":{"rendered":"<p>A mediados de agosto, Toni me llam\u00f3 para comentarme que nos \u00edbamos al Pa\u00eds Vasco a un evento gravel que<\/p>\n","protected":false},"author":7,"featured_media":28344,"comment_status":"open","ping_status":"closed","sticky":false,"template":"","format":"standard","meta":{"footnotes":""},"categories":[4080],"tags":[4058],"class_list":["post-36623","post","type-post","status-publish","format-standard","has-post-thumbnail","hentry","category-eventos","tag-gravel-es"],"yoast_head":"<!-- This site is optimized with the Yoast SEO Premium plugin v27.0 (Yoast SEO v27.0) - https:\/\/yoast.com\/product\/yoast-seo-premium-wordpress\/ -->\n<title>Deiadar Gravel, la llamada del cuerno - RAW Cycling Magazine<\/title>\n<meta name=\"robots\" content=\"index, follow, max-snippet:-1, max-image-preview:large, max-video-preview:-1\" \/>\n<link rel=\"canonical\" href=\"https:\/\/rawcyclingmag.com\/es\/deiadar-gravel-la-llamada-del-cuerno\/\" \/>\n<meta property=\"og:locale\" content=\"es_ES\" \/>\n<meta property=\"og:type\" content=\"article\" \/>\n<meta property=\"og:title\" content=\"Deiadar Gravel, la llamada del cuerno\" \/>\n<meta property=\"og:description\" content=\"A mediados de agosto, Toni me llam\u00f3 para comentarme que nos \u00edbamos al Pa\u00eds Vasco a un evento gravel que\" \/>\n<meta property=\"og:url\" content=\"https:\/\/rawcyclingmag.com\/es\/deiadar-gravel-la-llamada-del-cuerno\/\" \/>\n<meta property=\"og:site_name\" content=\"RAW Cycling Magazine\" \/>\n<meta property=\"article:publisher\" content=\"http:\/\/facebook.com\/rawcyclingmag\" \/>\n<meta property=\"article:published_time\" content=\"2019-10-08T21:00:41+00:00\" \/>\n<meta property=\"og:image\" content=\"http:\/\/raw.ecoolabs.com\/wp-content\/uploads\/2019\/10\/U5A5929.jpg\" \/>\n<meta name=\"author\" content=\"Brazo de Hierro\" \/>\n<meta name=\"twitter:card\" content=\"summary_large_image\" \/>\n<meta name=\"twitter:creator\" content=\"@rawcyclingmag\" \/>\n<meta name=\"twitter:site\" content=\"@rawcyclingmag\" \/>\n<meta name=\"twitter:label1\" content=\"Escrito por\" \/>\n\t<meta name=\"twitter:data1\" content=\"Brazo de Hierro\" \/>\n\t<meta name=\"twitter:label2\" content=\"Tiempo de lectura\" \/>\n\t<meta name=\"twitter:data2\" content=\"5 minutos\" \/>\n<script type=\"application\/ld+json\" class=\"yoast-schema-graph\">{\"@context\":\"https:\/\/schema.org\",\"@graph\":[{\"@type\":\"Article\",\"@id\":\"https:\/\/rawcyclingmag.com\/es\/deiadar-gravel-la-llamada-del-cuerno\/#article\",\"isPartOf\":{\"@id\":\"https:\/\/rawcyclingmag.com\/es\/deiadar-gravel-la-llamada-del-cuerno\/\"},\"author\":{\"name\":\"Brazo de Hierro\",\"@id\":\"https:\/\/rawcyclingmag.com\/es\/#\/schema\/person\/f0a97da731b23be6f87d2b9ed0578326\"},\"headline\":\"Deiadar Gravel, la llamada del cuerno\",\"datePublished\":\"2019-10-08T21:00:41+00:00\",\"mainEntityOfPage\":{\"@id\":\"https:\/\/rawcyclingmag.com\/es\/deiadar-gravel-la-llamada-del-cuerno\/\"},\"wordCount\":995,\"commentCount\":0,\"publisher\":{\"@id\":\"https:\/\/rawcyclingmag.com\/es\/#organization\"},\"image\":{\"@id\":\"https:\/\/rawcyclingmag.com\/es\/deiadar-gravel-la-llamada-del-cuerno\/#primaryimage\"},\"thumbnailUrl\":\"https:\/\/rawcyclingmag.com\/wp-content\/uploads\/2019\/10\/U5A5929_header.jpg\",\"keywords\":[\"gravel\"],\"articleSection\":[\"Eventos\"],\"inLanguage\":\"es\",\"potentialAction\":[{\"@type\":\"CommentAction\",\"name\":\"Comment\",\"target\":[\"https:\/\/rawcyclingmag.com\/es\/deiadar-gravel-la-llamada-del-cuerno\/#respond\"]}]},{\"@type\":\"WebPage\",\"@id\":\"https:\/\/rawcyclingmag.com\/es\/deiadar-gravel-la-llamada-del-cuerno\/\",\"url\":\"https:\/\/rawcyclingmag.com\/es\/deiadar-gravel-la-llamada-del-cuerno\/\",\"name\":\"Deiadar Gravel, la llamada del cuerno - RAW Cycling Magazine\",\"isPartOf\":{\"@id\":\"https:\/\/rawcyclingmag.com\/es\/#website\"},\"primaryImageOfPage\":{\"@id\":\"https:\/\/rawcyclingmag.com\/es\/deiadar-gravel-la-llamada-del-cuerno\/#primaryimage\"},\"image\":{\"@id\":\"https:\/\/rawcyclingmag.com\/es\/deiadar-gravel-la-llamada-del-cuerno\/#primaryimage\"},\"thumbnailUrl\":\"https:\/\/rawcyclingmag.com\/wp-content\/uploads\/2019\/10\/U5A5929_header.jpg\",\"datePublished\":\"2019-10-08T21:00:41+00:00\",\"breadcrumb\":{\"@id\":\"https:\/\/rawcyclingmag.com\/es\/deiadar-gravel-la-llamada-del-cuerno\/#breadcrumb\"},\"inLanguage\":\"es\",\"potentialAction\":[{\"@type\":\"ReadAction\",\"target\":[\"https:\/\/rawcyclingmag.com\/es\/deiadar-gravel-la-llamada-del-cuerno\/\"]}]},{\"@type\":\"ImageObject\",\"inLanguage\":\"es\",\"@id\":\"https:\/\/rawcyclingmag.com\/es\/deiadar-gravel-la-llamada-del-cuerno\/#primaryimage\",\"url\":\"https:\/\/rawcyclingmag.com\/wp-content\/uploads\/2019\/10\/U5A5929_header.jpg\",\"contentUrl\":\"https:\/\/rawcyclingmag.com\/wp-content\/uploads\/2019\/10\/U5A5929_header.jpg\",\"width\":2000,\"height\":1001},{\"@type\":\"BreadcrumbList\",\"@id\":\"https:\/\/rawcyclingmag.com\/es\/deiadar-gravel-la-llamada-del-cuerno\/#breadcrumb\",\"itemListElement\":[{\"@type\":\"ListItem\",\"position\":1,\"name\":\"Portada\",\"item\":\"https:\/\/rawcyclingmag.com\/es\/\"},{\"@type\":\"ListItem\",\"position\":2,\"name\":\"Deiadar Gravel, la llamada del cuerno\"}]},{\"@type\":\"WebSite\",\"@id\":\"https:\/\/rawcyclingmag.com\/es\/#website\",\"url\":\"https:\/\/rawcyclingmag.com\/es\/\",\"name\":\"RAW Cycling Magazine\",\"description\":\"\",\"publisher\":{\"@id\":\"https:\/\/rawcyclingmag.com\/es\/#organization\"},\"potentialAction\":[{\"@type\":\"SearchAction\",\"target\":{\"@type\":\"EntryPoint\",\"urlTemplate\":\"https:\/\/rawcyclingmag.com\/es\/?s={search_term_string}\"},\"query-input\":{\"@type\":\"PropertyValueSpecification\",\"valueRequired\":true,\"valueName\":\"search_term_string\"}}],\"inLanguage\":\"es\"},{\"@type\":\"Organization\",\"@id\":\"https:\/\/rawcyclingmag.com\/es\/#organization\",\"name\":\"RAW Cycling Magazine\",\"url\":\"https:\/\/rawcyclingmag.com\/es\/\",\"logo\":{\"@type\":\"ImageObject\",\"inLanguage\":\"es\",\"@id\":\"https:\/\/rawcyclingmag.com\/es\/#\/schema\/logo\/image\/\",\"url\":\"https:\/\/rawcyclingmag.com\/wp-content\/uploads\/2018\/03\/RawMagazine.orange.medium.png\",\"contentUrl\":\"https:\/\/rawcyclingmag.com\/wp-content\/uploads\/2018\/03\/RawMagazine.orange.medium.png\",\"width\":300,\"height\":140,\"caption\":\"RAW Cycling Magazine\"},\"image\":{\"@id\":\"https:\/\/rawcyclingmag.com\/es\/#\/schema\/logo\/image\/\"},\"sameAs\":[\"http:\/\/facebook.com\/rawcyclingmag\",\"https:\/\/x.com\/rawcyclingmag\",\"http:\/\/instagram.com\/rawcyclingmag\"]},{\"@type\":\"Person\",\"@id\":\"https:\/\/rawcyclingmag.com\/es\/#\/schema\/person\/f0a97da731b23be6f87d2b9ed0578326\",\"name\":\"Brazo de Hierro\",\"image\":{\"@type\":\"ImageObject\",\"inLanguage\":\"es\",\"@id\":\"https:\/\/rawcyclingmag.com\/es\/#\/schema\/person\/image\/\",\"url\":\"https:\/\/secure.gravatar.com\/avatar\/1b3d665b14e5cdcacc58a526fba7e898fb9e3681a1476ece3321cb0d445ef3a7?s=96&d=mm&r=g\",\"contentUrl\":\"https:\/\/secure.gravatar.com\/avatar\/1b3d665b14e5cdcacc58a526fba7e898fb9e3681a1476ece3321cb0d445ef3a7?s=96&d=mm&r=g\",\"caption\":\"Brazo de Hierro\"},\"description\":\"Uno de los fot\u00f3grafos especializados en ciclismo con m\u00e1s talento, le pone mucha pasi\u00f3n y esfuerzo en todo aquello que hace. Es un aut\u00e9ntico fan de todo aquello relacionado con la fotograf\u00eda, dise\u00f1o y arte. One of the most talented cycling photographers. He puts a lot of effort and passion into everything he does. He is a truly fan of photography, art and design.\",\"sameAs\":[\"http:\/\/instagram.com\/brazodehierro\"],\"url\":\"https:\/\/rawcyclingmag.com\/es\/author\/hello\/\"}]}<\/script>\n<!-- \/ Yoast SEO Premium plugin. -->","yoast_head_json":{"title":"Deiadar Gravel, la llamada del cuerno - RAW Cycling Magazine","robots":{"index":"index","follow":"follow","max-snippet":"max-snippet:-1","max-image-preview":"max-image-preview:large","max-video-preview":"max-video-preview:-1"},"canonical":"https:\/\/rawcyclingmag.com\/es\/deiadar-gravel-la-llamada-del-cuerno\/","og_locale":"es_ES","og_type":"article","og_title":"Deiadar Gravel, la llamada del cuerno","og_description":"A mediados de agosto, Toni me llam\u00f3 para comentarme que nos \u00edbamos al Pa\u00eds Vasco a un evento gravel que","og_url":"https:\/\/rawcyclingmag.com\/es\/deiadar-gravel-la-llamada-del-cuerno\/","og_site_name":"RAW Cycling Magazine","article_publisher":"http:\/\/facebook.com\/rawcyclingmag","article_published_time":"2019-10-08T21:00:41+00:00","og_image":[{"url":"http:\/\/raw.ecoolabs.com\/wp-content\/uploads\/2019\/10\/U5A5929.jpg","type":"","width":"","height":""}],"author":"Brazo de Hierro","twitter_card":"summary_large_image","twitter_creator":"@rawcyclingmag","twitter_site":"@rawcyclingmag","twitter_misc":{"Escrito por":"Brazo de Hierro","Tiempo de lectura":"5 minutos"},"schema":{"@context":"https:\/\/schema.org","@graph":[{"@type":"Article","@id":"https:\/\/rawcyclingmag.com\/es\/deiadar-gravel-la-llamada-del-cuerno\/#article","isPartOf":{"@id":"https:\/\/rawcyclingmag.com\/es\/deiadar-gravel-la-llamada-del-cuerno\/"},"author":{"name":"Brazo de Hierro","@id":"https:\/\/rawcyclingmag.com\/es\/#\/schema\/person\/f0a97da731b23be6f87d2b9ed0578326"},"headline":"Deiadar Gravel, la llamada del cuerno","datePublished":"2019-10-08T21:00:41+00:00","mainEntityOfPage":{"@id":"https:\/\/rawcyclingmag.com\/es\/deiadar-gravel-la-llamada-del-cuerno\/"},"wordCount":995,"commentCount":0,"publisher":{"@id":"https:\/\/rawcyclingmag.com\/es\/#organization"},"image":{"@id":"https:\/\/rawcyclingmag.com\/es\/deiadar-gravel-la-llamada-del-cuerno\/#primaryimage"},"thumbnailUrl":"https:\/\/rawcyclingmag.com\/wp-content\/uploads\/2019\/10\/U5A5929_header.jpg","keywords":["gravel"],"articleSection":["Eventos"],"inLanguage":"es","potentialAction":[{"@type":"CommentAction","name":"Comment","target":["https:\/\/rawcyclingmag.com\/es\/deiadar-gravel-la-llamada-del-cuerno\/#respond"]}]},{"@type":"WebPage","@id":"https:\/\/rawcyclingmag.com\/es\/deiadar-gravel-la-llamada-del-cuerno\/","url":"https:\/\/rawcyclingmag.com\/es\/deiadar-gravel-la-llamada-del-cuerno\/","name":"Deiadar Gravel, la llamada del cuerno - RAW Cycling Magazine","isPartOf":{"@id":"https:\/\/rawcyclingmag.com\/es\/#website"},"primaryImageOfPage":{"@id":"https:\/\/rawcyclingmag.com\/es\/deiadar-gravel-la-llamada-del-cuerno\/#primaryimage"},"image":{"@id":"https:\/\/rawcyclingmag.com\/es\/deiadar-gravel-la-llamada-del-cuerno\/#primaryimage"},"thumbnailUrl":"https:\/\/rawcyclingmag.com\/wp-content\/uploads\/2019\/10\/U5A5929_header.jpg","datePublished":"2019-10-08T21:00:41+00:00","breadcrumb":{"@id":"https:\/\/rawcyclingmag.com\/es\/deiadar-gravel-la-llamada-del-cuerno\/#breadcrumb"},"inLanguage":"es","potentialAction":[{"@type":"ReadAction","target":["https:\/\/rawcyclingmag.com\/es\/deiadar-gravel-la-llamada-del-cuerno\/"]}]},{"@type":"ImageObject","inLanguage":"es","@id":"https:\/\/rawcyclingmag.com\/es\/deiadar-gravel-la-llamada-del-cuerno\/#primaryimage","url":"https:\/\/rawcyclingmag.com\/wp-content\/uploads\/2019\/10\/U5A5929_header.jpg","contentUrl":"https:\/\/rawcyclingmag.com\/wp-content\/uploads\/2019\/10\/U5A5929_header.jpg","width":2000,"height":1001},{"@type":"BreadcrumbList","@id":"https:\/\/rawcyclingmag.com\/es\/deiadar-gravel-la-llamada-del-cuerno\/#breadcrumb","itemListElement":[{"@type":"ListItem","position":1,"name":"Portada","item":"https:\/\/rawcyclingmag.com\/es\/"},{"@type":"ListItem","position":2,"name":"Deiadar Gravel, la llamada del cuerno"}]},{"@type":"WebSite","@id":"https:\/\/rawcyclingmag.com\/es\/#website","url":"https:\/\/rawcyclingmag.com\/es\/","name":"RAW Cycling Magazine","description":"","publisher":{"@id":"https:\/\/rawcyclingmag.com\/es\/#organization"},"potentialAction":[{"@type":"SearchAction","target":{"@type":"EntryPoint","urlTemplate":"https:\/\/rawcyclingmag.com\/es\/?s={search_term_string}"},"query-input":{"@type":"PropertyValueSpecification","valueRequired":true,"valueName":"search_term_string"}}],"inLanguage":"es"},{"@type":"Organization","@id":"https:\/\/rawcyclingmag.com\/es\/#organization","name":"RAW Cycling Magazine","url":"https:\/\/rawcyclingmag.com\/es\/","logo":{"@type":"ImageObject","inLanguage":"es","@id":"https:\/\/rawcyclingmag.com\/es\/#\/schema\/logo\/image\/","url":"https:\/\/rawcyclingmag.com\/wp-content\/uploads\/2018\/03\/RawMagazine.orange.medium.png","contentUrl":"https:\/\/rawcyclingmag.com\/wp-content\/uploads\/2018\/03\/RawMagazine.orange.medium.png","width":300,"height":140,"caption":"RAW Cycling Magazine"},"image":{"@id":"https:\/\/rawcyclingmag.com\/es\/#\/schema\/logo\/image\/"},"sameAs":["http:\/\/facebook.com\/rawcyclingmag","https:\/\/x.com\/rawcyclingmag","http:\/\/instagram.com\/rawcyclingmag"]},{"@type":"Person","@id":"https:\/\/rawcyclingmag.com\/es\/#\/schema\/person\/f0a97da731b23be6f87d2b9ed0578326","name":"Brazo de Hierro","image":{"@type":"ImageObject","inLanguage":"es","@id":"https:\/\/rawcyclingmag.com\/es\/#\/schema\/person\/image\/","url":"https:\/\/secure.gravatar.com\/avatar\/1b3d665b14e5cdcacc58a526fba7e898fb9e3681a1476ece3321cb0d445ef3a7?s=96&d=mm&r=g","contentUrl":"https:\/\/secure.gravatar.com\/avatar\/1b3d665b14e5cdcacc58a526fba7e898fb9e3681a1476ece3321cb0d445ef3a7?s=96&d=mm&r=g","caption":"Brazo de Hierro"},"description":"Uno de los fot\u00f3grafos especializados en ciclismo con m\u00e1s talento, le pone mucha pasi\u00f3n y esfuerzo en todo aquello que hace. Es un aut\u00e9ntico fan de todo aquello relacionado con la fotograf\u00eda, dise\u00f1o y arte. One of the most talented cycling photographers. He puts a lot of effort and passion into everything he does. He is a truly fan of photography, art and design.","sameAs":["http:\/\/instagram.com\/brazodehierro"],"url":"https:\/\/rawcyclingmag.com\/es\/author\/hello\/"}]}},"_links":{"self":[{"href":"https:\/\/rawcyclingmag.com\/es\/wp-json\/wp\/v2\/posts\/36623","targetHints":{"allow":["GET"]}}],"collection":[{"href":"https:\/\/rawcyclingmag.com\/es\/wp-json\/wp\/v2\/posts"}],"about":[{"href":"https:\/\/rawcyclingmag.com\/es\/wp-json\/wp\/v2\/types\/post"}],"author":[{"embeddable":true,"href":"https:\/\/rawcyclingmag.com\/es\/wp-json\/wp\/v2\/users\/7"}],"replies":[{"embeddable":true,"href":"https:\/\/rawcyclingmag.com\/es\/wp-json\/wp\/v2\/comments?post=36623"}],"version-history":[{"count":0,"href":"https:\/\/rawcyclingmag.com\/es\/wp-json\/wp\/v2\/posts\/36623\/revisions"}],"wp:featuredmedia":[{"embeddable":true,"href":"https:\/\/rawcyclingmag.com\/es\/wp-json\/wp\/v2\/media\/28344"}],"wp:attachment":[{"href":"https:\/\/rawcyclingmag.com\/es\/wp-json\/wp\/v2\/media?parent=36623"}],"wp:term":[{"taxonomy":"category","embeddable":true,"href":"https:\/\/rawcyclingmag.com\/es\/wp-json\/wp\/v2\/categories?post=36623"},{"taxonomy":"post_tag","embeddable":true,"href":"https:\/\/rawcyclingmag.com\/es\/wp-json\/wp\/v2\/tags?post=36623"}],"curies":[{"name":"wp","href":"https:\/\/api.w.org\/{rel}","templated":true}]}}